{"id":737,"date":"2014-07-20T12:00:10","date_gmt":"2014-07-20T10:00:10","guid":{"rendered":"https:\/\/www.goelba.it\/blog\/?p=737"},"modified":"2022-10-07T10:24:44","modified_gmt":"2022-10-07T08:24:44","slug":"mangiare-frutta-e-verdura-allisola-delba","status":"publish","type":"post","link":"https:\/\/www.goelba.it\/blog\/mangiare-frutta-e-verdura-allisola-delba\/","title":{"rendered":"Mangiare frutta e verdura all\u2019isola d\u2019Elba."},"content":{"rendered":"<p><span style=\"font-size: 20px;\"><div id=\"layerslider_26_114bcarogjvfb\"  class=\"ls-wp-container fitvidsignore ls-selectable\" style=\"width:1170px;height:600px;margin:0 auto;margin-bottom: 0px;\"><div class=\"ls-slide\" data-ls=\"duration:4000;\"><img loading=\"lazy\" decoding=\"async\" width=\"1170\" height=\"600\" src=\"https:\/\/www.goelba.it\/blog\/wp-content\/uploads\/2014\/07\/paglia-a-rotoli-e-Portoferraio.jpg\" class=\"ls-bg\" alt=\"Portoferraio agricoltura\" srcset=\"https:\/\/www.goelba.it\/blog\/wp-content\/uploads\/2014\/07\/paglia-a-rotoli-e-Portoferraio.jpg 1170w, https:\/\/www.goelba.it\/blog\/wp-content\/uploads\/2014\/07\/paglia-a-rotoli-e-Portoferraio-350x179.jpg 350w, https:\/\/www.goelba.it\/blog\/wp-content\/uploads\/2014\/07\/paglia-a-rotoli-e-Portoferraio-768x394.jpg 768w\" sizes=\"auto, (max-width: 1170px) 100vw, 1170px\" \/><\/div><div class=\"ls-slide\" data-ls=\"duration:4000;\"><img loading=\"lazy\" decoding=\"async\" width=\"1170\" height=\"600\" src=\"https:\/\/www.goelba.it\/blog\/wp-content\/uploads\/2014\/07\/2-ragazze-al-banco.jpg\" class=\"ls-bg\" alt=\"Isola d&#039;Elba_Frutta e verdura locale_arance e pomodori\" srcset=\"https:\/\/www.goelba.it\/blog\/wp-content\/uploads\/2014\/07\/2-ragazze-al-banco.jpg 1170w, https:\/\/www.goelba.it\/blog\/wp-content\/uploads\/2014\/07\/2-ragazze-al-banco-350x179.jpg 350w, https:\/\/www.goelba.it\/blog\/wp-content\/uploads\/2014\/07\/2-ragazze-al-banco-768x394.jpg 768w\" sizes=\"auto, (max-width: 1170px) 100vw, 1170px\" \/><\/div><div class=\"ls-slide\" data-ls=\"duration:4000;\"><img loading=\"lazy\" decoding=\"async\" width=\"1170\" height=\"600\" src=\"https:\/\/www.goelba.it\/blog\/wp-content\/uploads\/2014\/07\/Zucchine-e-carote.jpg\" class=\"ls-bg\" alt=\"Isola d&#039;Elba_Frutta e verdura locale_carote e zucchini sul banco\" srcset=\"https:\/\/www.goelba.it\/blog\/wp-content\/uploads\/2014\/07\/Zucchine-e-carote.jpg 1170w, https:\/\/www.goelba.it\/blog\/wp-content\/uploads\/2014\/07\/Zucchine-e-carote-350x179.jpg 350w, https:\/\/www.goelba.it\/blog\/wp-content\/uploads\/2014\/07\/Zucchine-e-carote-768x394.jpg 768w\" sizes=\"auto, (max-width: 1170px) 100vw, 1170px\" \/><\/div><div class=\"ls-slide\" data-ls=\"duration:4000;\"><img loading=\"lazy\" decoding=\"async\" width=\"1170\" height=\"600\" src=\"https:\/\/www.goelba.it\/blog\/wp-content\/uploads\/2014\/07\/filare_zucchine_Mola.jpg\" class=\"ls-bg\" alt=\"Isola d&#039;Elba_Frutta e verdura locale_coltivazione in filari di zucchini a Mola Porto Azzurro\" srcset=\"https:\/\/www.goelba.it\/blog\/wp-content\/uploads\/2014\/07\/filare_zucchine_Mola.jpg 1170w, https:\/\/www.goelba.it\/blog\/wp-content\/uploads\/2014\/07\/filare_zucchine_Mola-350x179.jpg 350w, https:\/\/www.goelba.it\/blog\/wp-content\/uploads\/2014\/07\/filare_zucchine_Mola-768x394.jpg 768w\" sizes=\"auto, (max-width: 1170px) 100vw, 1170px\" \/><\/div><div class=\"ls-slide\" data-ls=\"duration:4000;\"><img loading=\"lazy\" decoding=\"async\" width=\"1170\" height=\"600\" src=\"https:\/\/www.goelba.it\/blog\/wp-content\/uploads\/2014\/07\/Anna.jpg\" class=\"ls-bg\" alt=\"Isola d&#039;Elba_Frutta e verdura locale_il banco di Anna sulla provinciale per Porto Azzurro\" srcset=\"https:\/\/www.goelba.it\/blog\/wp-content\/uploads\/2014\/07\/Anna.jpg 1170w, https:\/\/www.goelba.it\/blog\/wp-content\/uploads\/2014\/07\/Anna-350x179.jpg 350w, https:\/\/www.goelba.it\/blog\/wp-content\/uploads\/2014\/07\/Anna-768x394.jpg 768w\" sizes=\"auto, (max-width: 1170px) 100vw, 1170px\" \/><\/div><div class=\"ls-slide\" data-ls=\"duration:4000;\"><img loading=\"lazy\" decoding=\"async\" width=\"1170\" height=\"600\" src=\"https:\/\/www.goelba.it\/blog\/wp-content\/uploads\/2014\/07\/Banco_Lumia.jpg\" class=\"ls-bg\" alt=\"Isola d&#039;Elba_Frutta e verdura locale_il banco di Lumia a Mola Porto Azzurro\" srcset=\"https:\/\/www.goelba.it\/blog\/wp-content\/uploads\/2014\/07\/Banco_Lumia.jpg 1170w, https:\/\/www.goelba.it\/blog\/wp-content\/uploads\/2014\/07\/Banco_Lumia-350x179.jpg 350w, https:\/\/www.goelba.it\/blog\/wp-content\/uploads\/2014\/07\/Banco_Lumia-768x394.jpg 768w\" sizes=\"auto, (max-width: 1170px) 100vw, 1170px\" \/><\/div><div class=\"ls-slide\" data-ls=\"duration:4000;\"><img loading=\"lazy\" decoding=\"async\" width=\"1170\" height=\"600\" src=\"https:\/\/www.goelba.it\/blog\/wp-content\/uploads\/2014\/07\/orti-di-mare.jpg\" class=\"ls-bg\" alt=\"Isola d&#039;Elba_Frutta e verdura locale_il banco di orti di mare a Lacona Capoliveri\" srcset=\"https:\/\/www.goelba.it\/blog\/wp-content\/uploads\/2014\/07\/orti-di-mare.jpg 1170w, https:\/\/www.goelba.it\/blog\/wp-content\/uploads\/2014\/07\/orti-di-mare-350x179.jpg 350w, https:\/\/www.goelba.it\/blog\/wp-content\/uploads\/2014\/07\/orti-di-mare-768x394.jpg 768w\" sizes=\"auto, (max-width: 1170px) 100vw, 1170px\" \/><\/div><div class=\"ls-slide\" data-ls=\"duration:4000;\"><img loading=\"lazy\" decoding=\"async\" width=\"1170\" height=\"600\" src=\"https:\/\/www.goelba.it\/blog\/wp-content\/uploads\/2014\/07\/pane-orti-di-mare.jpg\" class=\"ls-bg\" alt=\"Isola d&#039;Elba_Frutta e verdura locale_pane e marmellata di orti di mare a Lacona\" srcset=\"https:\/\/www.goelba.it\/blog\/wp-content\/uploads\/2014\/07\/pane-orti-di-mare.jpg 1170w, https:\/\/www.goelba.it\/blog\/wp-content\/uploads\/2014\/07\/pane-orti-di-mare-350x179.jpg 350w, https:\/\/www.goelba.it\/blog\/wp-content\/uploads\/2014\/07\/pane-orti-di-mare-768x394.jpg 768w\" sizes=\"auto, (max-width: 1170px) 100vw, 1170px\" \/><\/div><div class=\"ls-slide\" data-ls=\"duration:4000;\"><img loading=\"lazy\" decoding=\"async\" width=\"1170\" height=\"600\" src=\"https:\/\/www.goelba.it\/blog\/wp-content\/uploads\/2014\/07\/granoepapaveri.jpg\" class=\"ls-bg\" alt=\"campo di grano e papaveri all&#039;isola d&#039;Elba localit\u00e0 San Giovanni\" srcset=\"https:\/\/www.goelba.it\/blog\/wp-content\/uploads\/2014\/07\/granoepapaveri.jpg 1170w, https:\/\/www.goelba.it\/blog\/wp-content\/uploads\/2014\/07\/granoepapaveri-350x179.jpg 350w, https:\/\/www.goelba.it\/blog\/wp-content\/uploads\/2014\/07\/granoepapaveri-768x394.jpg 768w\" sizes=\"auto, (max-width: 1170px) 100vw, 1170px\" \/><\/div><\/div><br \/><\/span><span style=\"font-size: 16px;\">Durante l\u2019estate niente \u00e8 pi\u00f9 dissetante e salutare di una rossa fetta di cocomero fresco e dolce. Quando l\u2019Elba decuplica il carico umano, passando da 29.000 residenti a circa 300.000, se l\u2019intera isola fosse coltivata anche soltanto a frutta e verdura, non potrebbe comunque sfamarci tutti. In ogni paese troverete uno o pi\u00f9 supermercati, molte botteghe d\u2019alimentari e di frutta e verdura, ma in molti casi si tratta di merce proveniente dal continente.<\/span><br \/><span style=\"font-size: 16px;\"> Negli ultimi anni per\u00f2 abbiamo visto una ripresa di quella che un tempo era una delle due attivit\u00e0 principali dell\u2019isola, l\u2019agricoltura, l\u2019altra erano le <a title=\"Isola d\u2019Elba: il Rosso\" href=\"https:\/\/www.goelba.it\/blog\/isola-delba-il-rosso\/\"><em><span style=\"color: #000080;\">miniere di ferro<\/span><\/em><\/a>. Per la sua conformazione geologica prevalentemente collinare, l\u2019Elba si presta ad essere coltivata soprattutto nelle poche aree pianeggianti situate tutte nel centro isola, tra <em><span style=\"color: #000080;\"><a style=\"color: #000080;\" title=\"appartamenti a Porto Azzurro\" href=\"https:\/\/www.goelba.it\/appartamenti\/porto-azzurro\/\">Porto Azzurro<\/a><\/span><\/em>, Portoferraio e Marina di Campo.<\/span><\/p>\n<p><img loading=\"lazy\" decoding=\"async\" class=\"aligncenter size-full wp-image-1210\" src=\"https:\/\/www.goelba.it\/blog\/wp-content\/uploads\/2014\/07\/900x460_Mangiare-Frutta-Elba_05-Copia.jpg\" alt=\"campo di grano con papaveri\" width=\"900\" height=\"462\" srcset=\"https:\/\/www.goelba.it\/blog\/wp-content\/uploads\/2014\/07\/900x460_Mangiare-Frutta-Elba_05-Copia.jpg 900w, https:\/\/www.goelba.it\/blog\/wp-content\/uploads\/2014\/07\/900x460_Mangiare-Frutta-Elba_05-Copia-350x180.jpg 350w, https:\/\/www.goelba.it\/blog\/wp-content\/uploads\/2014\/07\/900x460_Mangiare-Frutta-Elba_05-Copia-768x394.jpg 768w\" sizes=\"auto, (max-width: 900px) 100vw, 900px\" \/><br \/><span style=\"font-size: 20px;\">Siccome sempre pi\u00f9 turisti richiedono prodotti di qualit\u00e0 e possibilmente locali, l\u2019offerta non si \u00e8 fatta attendere, cos\u00ec in pochi anni sono sorti lungo le strade principali e nei paesi, numerosi \u201cbanchini\u201d, ovvero punti vendita stagionali, di frutta e verdura locali; com\u2019\u00e8 logico li troverete prevalentemente vicino ai luoghi di produzione, quindi sulla strada che da Portoferraio conduce a Porto Azzurro e, in misura molto minore, nei pressi di Marina di Campo.<\/span><\/p>\n<p><span style=\"color: #808080; font-size: 24px;\"><strong>Piccola agricoltura di qualit\u00e0<\/strong><\/span><br \/><span style=\"font-size: 20px;\"><span style=\"line-height: 1.54em;\">Ne parliamo con piacere in questo blog per aiutare i nostri ospiti a meglio raccapezzarsi su un\u2019operazione quotidiana com\u2019\u00e8 la spesa alimentare e per incentivare <\/span><span style=\"line-height: 1.54em;\">un\u2019attivit\u00e0 che ci piace: l\u2019agricoltura locale di qualit\u00e0.<\/span>Diciamo subito che non tutti i \u201cbanchini\u201d che trovate sulla strada offrono merce locale e soprattutto non tutta quella esposta nasce e matura in terra elbana. Come fare per riconoscerla?<\/span><br \/><span style=\"font-size: 20px;\"> Nella gran parte sono veramente coltivatori locali, pertanto avrete alte probabilit\u00e0 di successo, ed anche a colpo d\u2019occhio si possono individuare i punti vendita che non sono agganciati all\u2019agricoltura locale, ma se questo pu\u00f2 richiedere una certa esperienza, incominciate da quelli che dichiarano esplicitamente di vendere quello che coltivano. Una volta individuato il banco, chiedete senza indugio quali tra i prodotti esposti sono di loro produzione o comunque di produzione locale, poich\u00e9 \u00e8 frequente che un singolo banco venda la produzione di pi\u00f9 contadini. Nella gran parte dei casi vi stupirete della spontaneit\u00e0 e dell\u2019orgoglio, solitamente prolisso, col quale vi verr\u00e0 dichiarata la produzione locale. Naturalmente non chiedete se le banane o frutta non di stagione sia coltivata in loco.<\/span><br \/><span style=\"font-size: 20px;\"> Durante la primavera troverete fragole, albicocche, pesche, ciliege, poponi (meloni dalla dolce polpa gialla o bianca, questi ultimi si possono conservare anche per qualche mese, quelli gialli no) e poi fichi, susine anche di variet\u00e0 locali, cocomeri, uva, fichi d\u2019india, limoni, arance, insieme alle verdure di stagione come lattughe di tutti i tipi, asparagi e carciofi in primavera, barbabietole, carote, zucchine, cetrioli, peperoni, fagiolini e fagioli borlotti freschi, sedani, melanzane, un trionfo di pomodori di tutte le dimensioni.<\/span><\/p>\n<p><img loading=\"lazy\" decoding=\"async\" class=\"aligncenter size-full wp-image-1209\" src=\"https:\/\/www.goelba.it\/blog\/wp-content\/uploads\/2014\/07\/900x460_Mangiare-Frutta-Elba_08-Copia.jpg\" alt=\"900x460_Mangiare-Frutta-Elba_08 - Copia\" width=\"900\" height=\"462\" srcset=\"https:\/\/www.goelba.it\/blog\/wp-content\/uploads\/2014\/07\/900x460_Mangiare-Frutta-Elba_08-Copia.jpg 900w, https:\/\/www.goelba.it\/blog\/wp-content\/uploads\/2014\/07\/900x460_Mangiare-Frutta-Elba_08-Copia-350x180.jpg 350w, https:\/\/www.goelba.it\/blog\/wp-content\/uploads\/2014\/07\/900x460_Mangiare-Frutta-Elba_08-Copia-768x394.jpg 768w\" sizes=\"auto, (max-width: 900px) 100vw, 900px\" \/><\/p>\n<p>&nbsp;<\/p>\n<p><span style=\"font-size: 16px; line-height: 1.54em;\"><span style=\"color: #808080;\"><strong><span style=\"font-size: 24px;\">Poi c&#8217;\u00e8 Vincenzo a Portoferraio<\/span><\/strong><\/span><br \/><\/span><span style=\"font-size: 20px;\"><span style=\"line-height: 1.54em;\">Devo segnalarvi anche un punto vendita di frutta e verdura a Portoferraio, all\u2019ingresso del parcheggio chiamato \u201cAlto Fondale\u201d, \u00e8 il camion (\u00e8 proprio un camion) di Vincenzo, il \u201ccocomeraio\u201d del capoluogo che da una vita ci offre dolcissimi cocomeri e che da un paio d\u2019anni, insieme al figlio, propone una gran variet\u00e0 di frutta e verdura proveniente sia dal vicino continente che dall\u2019isola, loro sono aperti tutto l\u2019anno ed espongono sempre merce fresca e di buona qualit\u00e0.\u00a0<\/span>I contadini elbani altre all\u2019orto e al frutteto coltivano anche la vigna e l\u2019olivo, ecco allora che insieme al verde della rucola ed il rosso dei San Marzano e dei ravanelli, compaiono le bottiglie di bianco, passiti prestigiosi e meno blasonati, strette bottiglie di olio extra vergine, vasetti di miele e di marmellate, insieme a sacchetti di essenze locali. Vi potete fidare, sono veramente prodotti locali e quasi sempre sono di ottimo livello. Ancora non prevale sull\u2019Elba l\u2019agricoltura biologica, ma \u00e8 nell\u2019aria un cambiamento anche in questo senso, vi segnalo il \u201cbanchino\u201d di Orti di Mare a Lacona (altra piccola pianura un tempo molto pi\u00f9 coltivata che ai giorni nostri) che vende un buon 95% di prodotti biologici, compreso pane e biscotti nati dalle mani di Britta, una giovane signora di Monaco di Baviera che panifica esclusivamente con prodotti biologici. Vi sono poi aziende agricole di un certo peso che vendono direttamente in pi\u00f9 punti dell\u2019isola, come Lumia (pioniere nel disseminare l\u2019Elba di punti vendita volanti) e che ritroverete anche ai mercati settimanali nei vari paesi dell\u2019Elba. A Procchio (comune di Marciana) il sabato mattina alcuni produttori elbani espongono la loro merce.<\/span><\/p>\n<p><strong><span style=\"font-size: 24px; color: #808080;\">Il banchino di Anna<\/span><\/strong><span style=\"font-size: 16px;\"><br \/><span style=\"font-size: 20px;\">La pi\u00f9 alta densit\u00e0 di banchi per la vendita diretta \u00e8 concentrata nella pianura di Mola, sulla strada che da Portoferraio mena a Porto Azzurro, qui si \u00e8 finalmente capito che nel lungo periodo rende pi\u00f9 l\u2019agricoltura del cemento ed accanto ad aziende storiche come \u201cAgricola Sapere\u201d, sono nate altre piccole aziende come quella di Anna e suo padre, una giovane elbana con la passione per la terra che infaticabilmente gestisce un frequentatissimo banco all\u2019imbocco della deviazione che porta alla spiaggia di Felciaio e che potete vedere immortalata in questa galleria fotografica.Oltre che dalle sempre pi\u00f9 numerose Anna che lavorano in aziende familiari, anche alcuni negozi e qualche supermercato stanno proponendo prodotti freschi locali e se non avete il tempo di fare acquisti in punti vendita differenti, potete ripiegare su questi, ma qualche volta concedetevi il lusso di andarvi a scegliere i pomodori e i profumati poponi appena colti, fa certamente parte del gusto di una vacanza sulla terza isola italiana.<\/span><br \/><\/span><br \/><span style=\"font-size: 16px;\"><span style=\"font-size: 20px;\">P.s. Non vi meravigliate se prima delle succulente ricette locali e dei tanti buoni ristoranti elbani, dei quali vi daremo conto in seguito, vi ho consigliato la nostra frutta e verdura, la mia convinzione \u00e8 che non esister\u00e0 mai uno chef talmente raffinato da riuscire a combinare cos\u00ec armoniosamente insieme la luce, il vento ed i profumi mediterranei, come da sempre ha fatto la natura dell\u2019Elba<\/span>.<br \/><\/span><em>Graziano Rinaldi<\/em><\/p>\n","protected":false},"excerpt":{"rendered":"<p>Durante l\u2019estate niente \u00e8 pi\u00f9 dissetante e salutare di una rossa fetta di cocomero fresco e dolce. Quando l\u2019Elba decuplica il carico umano, passando da 29.000 residenti a circa 300.000, se l\u2019intera isola fosse coltivata anche soltanto a frutta e verdura, non potrebbe comunque sfamarci tutti. In ogni paese troverete uno o pi\u00f9 supermercati, molte [&hellip;]<\/p>\n","protected":false},"author":2,"featured_media":1037,"comment_status":"open","ping_status":"closed","sticky":false,"template":"","format":"standard","meta":{"_acf_changed":false,"footnotes":""},"categories":[2],"tags":[43,42,44],"class_list":["post-737","post","type-post","status-publish","format-standard","has-post-thumbnail","hentry","category-informazioni-utili-per-le-tue-vacanze-allisola-delba","tag-frutta-elba","tag-mangiare","tag-verdura-elba"],"acf":[],"yoast_head":"<!-- This site is optimized with the Yoast SEO plugin v24.8.1 - https:\/\/yoast.com\/wordpress\/plugins\/seo\/ -->\n<title>Mangiare frutta e verdura all\u2019isola d\u2019Elba. - Goelba.it<\/title>\n<meta name=\"robots\" content=\"index, follow, max-snippet:-1, max-image-preview:large, max-video-preview:-1\" \/>\n<link rel=\"canonical\" href=\"https:\/\/www.goelba.it\/blog\/mangiare-frutta-e-verdura-allisola-delba\/\" \/>\n<meta property=\"og:locale\" content=\"it_IT\" \/>\n<meta property=\"og:type\" content=\"article\" \/>\n<meta property=\"og:title\" content=\"Mangiare frutta e verdura all\u2019isola d\u2019Elba. - Goelba.it\" \/>\n<meta property=\"og:description\" content=\"Durante l\u2019estate niente \u00e8 pi\u00f9 dissetante e salutare di una rossa fetta di cocomero fresco e dolce. Quando l\u2019Elba decuplica il carico umano, passando da 29.000 residenti a circa 300.000, se l\u2019intera isola fosse coltivata anche soltanto a frutta e verdura, non potrebbe comunque sfamarci tutti. In ogni paese troverete uno o pi\u00f9 supermercati, molte [&hellip;]\" \/>\n<meta property=\"og:url\" content=\"https:\/\/www.goelba.it\/blog\/mangiare-frutta-e-verdura-allisola-delba\/\" \/>\n<meta property=\"og:site_name\" content=\"Goelba.it\" \/>\n<meta property=\"article:published_time\" content=\"2014-07-20T10:00:10+00:00\" \/>\n<meta property=\"article:modified_time\" content=\"2022-10-07T08:24:44+00:00\" \/>\n<meta property=\"og:image\" content=\"https:\/\/www.goelba.it\/blog\/wp-content\/uploads\/2014\/07\/in-evidenza1.jpg\" \/>\n\t<meta property=\"og:image:width\" content=\"300\" \/>\n\t<meta property=\"og:image:height\" content=\"154\" \/>\n\t<meta property=\"og:image:type\" content=\"image\/jpeg\" \/>\n<meta name=\"author\" content=\"graziano\" \/>\n<meta name=\"twitter:card\" content=\"summary_large_image\" \/>\n<meta name=\"twitter:label1\" content=\"Scritto da\" \/>\n\t<meta name=\"twitter:data1\" content=\"graziano\" \/>\n\t<meta name=\"twitter:label2\" content=\"Tempo di lettura stimato\" \/>\n\t<meta name=\"twitter:data2\" content=\"5 minuti\" \/>\n<script type=\"application\/ld+json\" class=\"yoast-schema-graph\">{\"@context\":\"https:\/\/schema.org\",\"@graph\":[{\"@type\":\"Article\",\"@id\":\"https:\/\/www.goelba.it\/blog\/mangiare-frutta-e-verdura-allisola-delba\/#article\",\"isPartOf\":{\"@id\":\"https:\/\/www.goelba.it\/blog\/mangiare-frutta-e-verdura-allisola-delba\/\"},\"author\":{\"name\":\"graziano\",\"@id\":\"https:\/\/www.goelba.it\/blog\/#\/schema\/person\/4ee69a9daf381abc598954d0a956525e\"},\"headline\":\"Mangiare frutta e verdura all\u2019isola d\u2019Elba.\",\"datePublished\":\"2014-07-20T10:00:10+00:00\",\"dateModified\":\"2022-10-07T08:24:44+00:00\",\"mainEntityOfPage\":{\"@id\":\"https:\/\/www.goelba.it\/blog\/mangiare-frutta-e-verdura-allisola-delba\/\"},\"wordCount\":1007,\"commentCount\":2,\"publisher\":{\"@id\":\"https:\/\/www.goelba.it\/blog\/#organization\"},\"image\":{\"@id\":\"https:\/\/www.goelba.it\/blog\/mangiare-frutta-e-verdura-allisola-delba\/#primaryimage\"},\"thumbnailUrl\":\"https:\/\/www.goelba.it\/blog\/wp-content\/uploads\/2014\/07\/in-evidenza1.jpg\",\"keywords\":[\"frutta elba\",\"Mangiare\",\"verdura elba\"],\"articleSection\":[\"Informazioni\"],\"inLanguage\":\"it-IT\",\"potentialAction\":[{\"@type\":\"CommentAction\",\"name\":\"Comment\",\"target\":[\"https:\/\/www.goelba.it\/blog\/mangiare-frutta-e-verdura-allisola-delba\/#respond\"]}]},{\"@type\":\"WebPage\",\"@id\":\"https:\/\/www.goelba.it\/blog\/mangiare-frutta-e-verdura-allisola-delba\/\",\"url\":\"https:\/\/www.goelba.it\/blog\/mangiare-frutta-e-verdura-allisola-delba\/\",\"name\":\"Mangiare frutta e verdura all\u2019isola d\u2019Elba. - Goelba.it\",\"isPartOf\":{\"@id\":\"https:\/\/www.goelba.it\/blog\/#website\"},\"primaryImageOfPage\":{\"@id\":\"https:\/\/www.goelba.it\/blog\/mangiare-frutta-e-verdura-allisola-delba\/#primaryimage\"},\"image\":{\"@id\":\"https:\/\/www.goelba.it\/blog\/mangiare-frutta-e-verdura-allisola-delba\/#primaryimage\"},\"thumbnailUrl\":\"https:\/\/www.goelba.it\/blog\/wp-content\/uploads\/2014\/07\/in-evidenza1.jpg\",\"datePublished\":\"2014-07-20T10:00:10+00:00\",\"dateModified\":\"2022-10-07T08:24:44+00:00\",\"breadcrumb\":{\"@id\":\"https:\/\/www.goelba.it\/blog\/mangiare-frutta-e-verdura-allisola-delba\/#breadcrumb\"},\"inLanguage\":\"it-IT\",\"potentialAction\":[{\"@type\":\"ReadAction\",\"target\":[\"https:\/\/www.goelba.it\/blog\/mangiare-frutta-e-verdura-allisola-delba\/\"]}]},{\"@type\":\"ImageObject\",\"inLanguage\":\"it-IT\",\"@id\":\"https:\/\/www.goelba.it\/blog\/mangiare-frutta-e-verdura-allisola-delba\/#primaryimage\",\"url\":\"https:\/\/www.goelba.it\/blog\/wp-content\/uploads\/2014\/07\/in-evidenza1.jpg\",\"contentUrl\":\"https:\/\/www.goelba.it\/blog\/wp-content\/uploads\/2014\/07\/in-evidenza1.jpg\",\"width\":300,\"height\":154},{\"@type\":\"BreadcrumbList\",\"@id\":\"https:\/\/www.goelba.it\/blog\/mangiare-frutta-e-verdura-allisola-delba\/#breadcrumb\",\"itemListElement\":[{\"@type\":\"ListItem\",\"position\":1,\"name\":\"Home\",\"item\":\"https:\/\/www.goelba.it\/blog\/\"},{\"@type\":\"ListItem\",\"position\":2,\"name\":\"Mangiare frutta e verdura all\u2019isola d\u2019Elba.\"}]},{\"@type\":\"WebSite\",\"@id\":\"https:\/\/www.goelba.it\/blog\/#website\",\"url\":\"https:\/\/www.goelba.it\/blog\/\",\"name\":\"Goelba.it\",\"description\":\"Quello che c&#039;\u00e8 da sapere per vacanze all&#039;isola d&#039;Elba\",\"publisher\":{\"@id\":\"https:\/\/www.goelba.it\/blog\/#organization\"},\"potentialAction\":[{\"@type\":\"SearchAction\",\"target\":{\"@type\":\"EntryPoint\",\"urlTemplate\":\"https:\/\/www.goelba.it\/blog\/?s={search_term_string}\"},\"query-input\":{\"@type\":\"PropertyValueSpecification\",\"valueRequired\":true,\"valueName\":\"search_term_string\"}}],\"inLanguage\":\"it-IT\"},{\"@type\":\"Organization\",\"@id\":\"https:\/\/www.goelba.it\/blog\/#organization\",\"name\":\"GoElba\",\"url\":\"https:\/\/www.goelba.it\/blog\/\",\"logo\":{\"@type\":\"ImageObject\",\"inLanguage\":\"it-IT\",\"@id\":\"https:\/\/www.goelba.it\/blog\/#\/schema\/logo\/image\/\",\"url\":\"https:\/\/www.goelba.it\/blog\/wp-content\/uploads\/2019\/07\/logo.png\",\"contentUrl\":\"https:\/\/www.goelba.it\/blog\/wp-content\/uploads\/2019\/07\/logo.png\",\"width\":394,\"height\":150,\"caption\":\"GoElba\"},\"image\":{\"@id\":\"https:\/\/www.goelba.it\/blog\/#\/schema\/logo\/image\/\"}},{\"@type\":\"Person\",\"@id\":\"https:\/\/www.goelba.it\/blog\/#\/schema\/person\/4ee69a9daf381abc598954d0a956525e\",\"name\":\"graziano\",\"image\":{\"@type\":\"ImageObject\",\"inLanguage\":\"it-IT\",\"@id\":\"https:\/\/www.goelba.it\/blog\/#\/schema\/person\/image\/\",\"url\":\"https:\/\/secure.gravatar.com\/avatar\/646d203c28646d9cf81a5fda4440f81482a721c03872e0625d30059642c639e3?s=96&d=mm&r=g\",\"contentUrl\":\"https:\/\/secure.gravatar.com\/avatar\/646d203c28646d9cf81a5fda4440f81482a721c03872e0625d30059642c639e3?s=96&d=mm&r=g\",\"caption\":\"graziano\"}}]}<\/script>\n<!-- \/ Yoast SEO plugin. -->","yoast_head_json":{"title":"Mangiare frutta e verdura all\u2019isola d\u2019Elba. - Goelba.it","robots":{"index":"index","follow":"follow","max-snippet":"max-snippet:-1","max-image-preview":"max-image-preview:large","max-video-preview":"max-video-preview:-1"},"canonical":"https:\/\/www.goelba.it\/blog\/mangiare-frutta-e-verdura-allisola-delba\/","og_locale":"it_IT","og_type":"article","og_title":"Mangiare frutta e verdura all\u2019isola d\u2019Elba. - Goelba.it","og_description":"Durante l\u2019estate niente \u00e8 pi\u00f9 dissetante e salutare di una rossa fetta di cocomero fresco e dolce. Quando l\u2019Elba decuplica il carico umano, passando da 29.000 residenti a circa 300.000, se l\u2019intera isola fosse coltivata anche soltanto a frutta e verdura, non potrebbe comunque sfamarci tutti. In ogni paese troverete uno o pi\u00f9 supermercati, molte [&hellip;]","og_url":"https:\/\/www.goelba.it\/blog\/mangiare-frutta-e-verdura-allisola-delba\/","og_site_name":"Goelba.it","article_published_time":"2014-07-20T10:00:10+00:00","article_modified_time":"2022-10-07T08:24:44+00:00","og_image":[{"width":300,"height":154,"url":"https:\/\/www.goelba.it\/blog\/wp-content\/uploads\/2014\/07\/in-evidenza1.jpg","type":"image\/jpeg"}],"author":"graziano","twitter_card":"summary_large_image","twitter_misc":{"Scritto da":"graziano","Tempo di lettura stimato":"5 minuti"},"schema":{"@context":"https:\/\/schema.org","@graph":[{"@type":"Article","@id":"https:\/\/www.goelba.it\/blog\/mangiare-frutta-e-verdura-allisola-delba\/#article","isPartOf":{"@id":"https:\/\/www.goelba.it\/blog\/mangiare-frutta-e-verdura-allisola-delba\/"},"author":{"name":"graziano","@id":"https:\/\/www.goelba.it\/blog\/#\/schema\/person\/4ee69a9daf381abc598954d0a956525e"},"headline":"Mangiare frutta e verdura all\u2019isola d\u2019Elba.","datePublished":"2014-07-20T10:00:10+00:00","dateModified":"2022-10-07T08:24:44+00:00","mainEntityOfPage":{"@id":"https:\/\/www.goelba.it\/blog\/mangiare-frutta-e-verdura-allisola-delba\/"},"wordCount":1007,"commentCount":2,"publisher":{"@id":"https:\/\/www.goelba.it\/blog\/#organization"},"image":{"@id":"https:\/\/www.goelba.it\/blog\/mangiare-frutta-e-verdura-allisola-delba\/#primaryimage"},"thumbnailUrl":"https:\/\/www.goelba.it\/blog\/wp-content\/uploads\/2014\/07\/in-evidenza1.jpg","keywords":["frutta elba","Mangiare","verdura elba"],"articleSection":["Informazioni"],"inLanguage":"it-IT","potentialAction":[{"@type":"CommentAction","name":"Comment","target":["https:\/\/www.goelba.it\/blog\/mangiare-frutta-e-verdura-allisola-delba\/#respond"]}]},{"@type":"WebPage","@id":"https:\/\/www.goelba.it\/blog\/mangiare-frutta-e-verdura-allisola-delba\/","url":"https:\/\/www.goelba.it\/blog\/mangiare-frutta-e-verdura-allisola-delba\/","name":"Mangiare frutta e verdura all\u2019isola d\u2019Elba. - Goelba.it","isPartOf":{"@id":"https:\/\/www.goelba.it\/blog\/#website"},"primaryImageOfPage":{"@id":"https:\/\/www.goelba.it\/blog\/mangiare-frutta-e-verdura-allisola-delba\/#primaryimage"},"image":{"@id":"https:\/\/www.goelba.it\/blog\/mangiare-frutta-e-verdura-allisola-delba\/#primaryimage"},"thumbnailUrl":"https:\/\/www.goelba.it\/blog\/wp-content\/uploads\/2014\/07\/in-evidenza1.jpg","datePublished":"2014-07-20T10:00:10+00:00","dateModified":"2022-10-07T08:24:44+00:00","breadcrumb":{"@id":"https:\/\/www.goelba.it\/blog\/mangiare-frutta-e-verdura-allisola-delba\/#breadcrumb"},"inLanguage":"it-IT","potentialAction":[{"@type":"ReadAction","target":["https:\/\/www.goelba.it\/blog\/mangiare-frutta-e-verdura-allisola-delba\/"]}]},{"@type":"ImageObject","inLanguage":"it-IT","@id":"https:\/\/www.goelba.it\/blog\/mangiare-frutta-e-verdura-allisola-delba\/#primaryimage","url":"https:\/\/www.goelba.it\/blog\/wp-content\/uploads\/2014\/07\/in-evidenza1.jpg","contentUrl":"https:\/\/www.goelba.it\/blog\/wp-content\/uploads\/2014\/07\/in-evidenza1.jpg","width":300,"height":154},{"@type":"BreadcrumbList","@id":"https:\/\/www.goelba.it\/blog\/mangiare-frutta-e-verdura-allisola-delba\/#breadcrumb","itemListElement":[{"@type":"ListItem","position":1,"name":"Home","item":"https:\/\/www.goelba.it\/blog\/"},{"@type":"ListItem","position":2,"name":"Mangiare frutta e verdura all\u2019isola d\u2019Elba."}]},{"@type":"WebSite","@id":"https:\/\/www.goelba.it\/blog\/#website","url":"https:\/\/www.goelba.it\/blog\/","name":"Goelba.it","description":"Quello che c&#039;\u00e8 da sapere per vacanze all&#039;isola d&#039;Elba","publisher":{"@id":"https:\/\/www.goelba.it\/blog\/#organization"},"potentialAction":[{"@type":"SearchAction","target":{"@type":"EntryPoint","urlTemplate":"https:\/\/www.goelba.it\/blog\/?s={search_term_string}"},"query-input":{"@type":"PropertyValueSpecification","valueRequired":true,"valueName":"search_term_string"}}],"inLanguage":"it-IT"},{"@type":"Organization","@id":"https:\/\/www.goelba.it\/blog\/#organization","name":"GoElba","url":"https:\/\/www.goelba.it\/blog\/","logo":{"@type":"ImageObject","inLanguage":"it-IT","@id":"https:\/\/www.goelba.it\/blog\/#\/schema\/logo\/image\/","url":"https:\/\/www.goelba.it\/blog\/wp-content\/uploads\/2019\/07\/logo.png","contentUrl":"https:\/\/www.goelba.it\/blog\/wp-content\/uploads\/2019\/07\/logo.png","width":394,"height":150,"caption":"GoElba"},"image":{"@id":"https:\/\/www.goelba.it\/blog\/#\/schema\/logo\/image\/"}},{"@type":"Person","@id":"https:\/\/www.goelba.it\/blog\/#\/schema\/person\/4ee69a9daf381abc598954d0a956525e","name":"graziano","image":{"@type":"ImageObject","inLanguage":"it-IT","@id":"https:\/\/www.goelba.it\/blog\/#\/schema\/person\/image\/","url":"https:\/\/secure.gravatar.com\/avatar\/646d203c28646d9cf81a5fda4440f81482a721c03872e0625d30059642c639e3?s=96&d=mm&r=g","contentUrl":"https:\/\/secure.gravatar.com\/avatar\/646d203c28646d9cf81a5fda4440f81482a721c03872e0625d30059642c639e3?s=96&d=mm&r=g","caption":"graziano"}}]}},"_links":{"self":[{"href":"https:\/\/www.goelba.it\/blog\/wp-json\/wp\/v2\/posts\/737","targetHints":{"allow":["GET"]}}],"collection":[{"href":"https:\/\/www.goelba.it\/blog\/wp-json\/wp\/v2\/posts"}],"about":[{"href":"https:\/\/www.goelba.it\/blog\/wp-json\/wp\/v2\/types\/post"}],"author":[{"embeddable":true,"href":"https:\/\/www.goelba.it\/blog\/wp-json\/wp\/v2\/users\/2"}],"replies":[{"embeddable":true,"href":"https:\/\/www.goelba.it\/blog\/wp-json\/wp\/v2\/comments?post=737"}],"version-history":[{"count":0,"href":"https:\/\/www.goelba.it\/blog\/wp-json\/wp\/v2\/posts\/737\/revisions"}],"wp:featuredmedia":[{"embeddable":true,"href":"https:\/\/www.goelba.it\/blog\/wp-json\/wp\/v2\/media\/1037"}],"wp:attachment":[{"href":"https:\/\/www.goelba.it\/blog\/wp-json\/wp\/v2\/media?parent=737"}],"wp:term":[{"taxonomy":"category","embeddable":true,"href":"https:\/\/www.goelba.it\/blog\/wp-json\/wp\/v2\/categories?post=737"},{"taxonomy":"post_tag","embeddable":true,"href":"https:\/\/www.goelba.it\/blog\/wp-json\/wp\/v2\/tags?post=737"}],"curies":[{"name":"wp","href":"https:\/\/api.w.org\/{rel}","templated":true}]}}