{"id":2375,"date":"2018-08-25T13:10:04","date_gmt":"2018-08-25T11:10:04","guid":{"rendered":"https:\/\/www.goelba.it\/blog\/?p=2375"},"modified":"2022-10-07T10:22:24","modified_gmt":"2022-10-07T08:22:24","slug":"isola-delba-a-settembre","status":"publish","type":"post","link":"https:\/\/www.goelba.it\/blog\/isola-delba-a-settembre\/","title":{"rendered":"Isola d&#8217;Elba a Settembre"},"content":{"rendered":"<p><span style=\"font-size: 20px;\"><img loading=\"lazy\" decoding=\"async\" class=\"size-full wp-image-2378 alignnone\" src=\"https:\/\/www.goelba.it\/blog\/wp-content\/uploads\/2018\/08\/ok-1130x536.jpg\" alt=\"isola elba settembre\" width=\"1130\" height=\"536\" srcset=\"https:\/\/www.goelba.it\/blog\/wp-content\/uploads\/2018\/08\/ok-1130x536.jpg 1130w, https:\/\/www.goelba.it\/blog\/wp-content\/uploads\/2018\/08\/ok-1130x536-350x166.jpg 350w, https:\/\/www.goelba.it\/blog\/wp-content\/uploads\/2018\/08\/ok-1130x536-768x364.jpg 768w\" sizes=\"auto, (max-width: 1130px) 100vw, 1130px\" \/><\/span><\/p>\n<p style=\"text-align: justify;\"><span style=\"font-size: 20px; color: #000000;\">Dopo ferragosto <em>\u201cil cocomero al porco\u201d.<br \/>\n<\/em>Cos\u00ec si dice all\u2019isola d\u2019Elba della deliziosa cucurbitacea in altre parti d\u2019Italia chiamata anguria, ed \u00e8 anche una metafora dell\u2019estate elbana che sta finendo.<br \/>\nMa bisogna aspettare settembre per ritrovare qualcosa che somigli ai lenti ritmi insulari, pi\u00f9 precisamente a partire dalla seconda settimana di settembre l\u2019isola d\u2019Elba si spopola, entrando cos\u00ec nella cosiddetta \u201cbassa stagione\u201d.<\/span><br \/>\n<span style=\"font-size: 20px; color: #000000;\">A mio parere \u00e8 anche il periodo in cui consigliare l\u2019isola d\u2019Elba agli amici, i quali ti diranno che se potessero non verrebbero in agosto, ma le ferie\u2026 insomma se appartieni ai pochi fortunati che possono scegliere, il mio consiglio \u00e8 da met\u00e0 settembre in poi (pu\u00f2 andar bene anche dalla seconda settimana di settembre compresa!).<\/span><br \/>\n<span style=\"font-size: 20px; color: #000000;\">E\u2019 il tempo delle spiagge decongestionate dal turismo di massa e dei parcheggi che non avresti mai pensato di trovare nel mese precedente, il clima torrido dell\u2019estate lascia il posto ad un gradevole fresco che anticipa l\u2019autunno e si pu\u00f2 tornare per i sentieri senza ammazzarsi sotto la canicola.<\/span><br \/>\n<span style=\"font-size: 20px; color: #000000;\">I prezzi tornano ad essere ragionevoli e nelle pizzerie si pu\u00f2 scambiare due parole col cameriere, le strade possono essere percorse anche in bicicletta e l\u2019acqua del mare \u00e8 ancora accoglientemente calda.<\/span><br \/>\n<span style=\"font-size: 20px; color: #000000;\">Nonostante, o forse anche grazie al ridotto numero di turisti presenti sull\u2019isola, si pu\u00f2 partecipare ad una quantit\u00e0 di eventi, talvolta anche bizzarri e un po\u2019 spontaneisti, ma te ne segnalo un paio che ti consiglio, se puoi, di non perdere.<\/span><br \/>\n<span style=\"font-size: 20px; color: #000000;\">Non dimenticare che in settembre i nostri <span style=\"text-decoration: underline;\"><em><span style=\"color: #0000ff; text-decoration: underline;\"><a style=\"color: #0000ff; text-decoration: underline;\" href=\"https:\/\/www.goelba.it\/sistemazioni\/residenze-di-charme\/\">appartamenti e ville di charme<\/a><\/span><\/em><\/span> ti costeranno meno di un hotel due stelle!<\/span><\/p>\n<p>&nbsp;<\/p>\n<p>&nbsp;<\/p>\n<p style=\"text-align: center;\"><strong><span style=\"color: #000000; font-size: 24px;\"><span style=\"font-size: 36px;\">Elba Isola Musicale d&#8217;Europa<\/span><\/span><\/strong><\/p>\n<p><img loading=\"lazy\" decoding=\"async\" class=\"aligncenter size-full wp-image-2379\" src=\"https:\/\/www.goelba.it\/blog\/wp-content\/uploads\/2018\/08\/new-banner-2.jpg\" alt=\"isola elba settembre \" width=\"1130\" height=\"536\" srcset=\"https:\/\/www.goelba.it\/blog\/wp-content\/uploads\/2018\/08\/new-banner-2.jpg 1130w, https:\/\/www.goelba.it\/blog\/wp-content\/uploads\/2018\/08\/new-banner-2-350x166.jpg 350w, https:\/\/www.goelba.it\/blog\/wp-content\/uploads\/2018\/08\/new-banner-2-768x364.jpg 768w\" sizes=\"auto, (max-width: 1130px) 100vw, 1130px\" \/><\/p>\n<p>&nbsp;<\/p>\n<p style=\"text-align: left;\"><span style=\"color: #000000; font-size: 16px;\">Dove: Portoferraio e altre localit\u00e0 per l&#8217;isola.<br \/>\nQuando: 10 giorni da fine agosto e prima settimana settembre (http:\/\/www.elba-music.it\/programma\/)<br \/>\nOrganizzatore:\u00a0Associazione Opus 110<br \/>\nTel. +39 392 3815400\u00a0 \u00a0 \u00a0 \u00a0 info@elba-music.it<br \/>\n<\/span><\/p>\n<p style=\"text-align: justify;\"><span style=\"color: #000000; font-size: 24px;\"><span style=\"font-size: 20px;\">Dal 1997 ogni anno, negli ultimi giorni di agosto e durante la prima settimana di settembre (nel 2018 sar\u00e0 dal 28 agosto al 08 settembre) con inconsueta costanza, si svolge all\u2019isola d\u2019Elba un importante evento musicale di rilevanza internazionale.<\/span><\/span><span style=\"color: #000000; font-size: 24px;\"><span style=\"font-size: 20px; color: #000000;\">Vengono eseguiti programmi sinfonici e corali, recital, serate jazz, spettacoli di danza e opere in versione da concerto.<\/span><\/span><span style=\"color: #000000; font-size: 24px;\"><span style=\"font-size: 20px; color: #000000;\"><br \/>\nGli artisti che si esibiscono danno un pregio particolare a questi dieci giorni musicali, tra gli innumerevoli altri ricordiamo: Yuri Bashmet, Thomas Quasthoff, Natalia Gutman, Eddie Gomez, Uto Ughi, Sayaka Shoji, Stefano Bollani, Martin Helmchen, Billy Cobham, GoVadim Repin, Enrico Rava, Jimmy Cobb, Enrico Pace, Beatrice Rana, Michel Portal; le orchestre I Solisti di Mosca, Kremerata Baltica, La Camerata Fontainebleau e i cantanti del Teatro Mariinsky di San Pietroburgo.<br \/>\n<\/span><\/span><span style=\"color: #000000; font-size: 24px;\"><span style=\"font-size: 20px; color: #000000;\">I concerti si svolgono soprattutto nel delizioso teatro napoleonico di Portoferraio, oggi intitolato al Tenore elbano Renato Cioni, ma nelle ultime edizioni abbiamo avuto la gradita sorpresa di ascoltare una bellissima musica anche in ambienti di grande suggestione, come a<\/span><\/span><span style=\"color: #000000; font-size: 24px;\"><span style=\"font-size: 20px; color: #000000;\">ntiche rovine di ville romane e chiese medievali, fortezze e altre straordinarie localit\u00e0 insulari.<br \/>\nOgni anno viene anche premiato un giovane musicista talentuoso col premio Elba Festival Prize e dal 2004 \u00e8 stata costituita l\u2019Associazione Amici del Fetival che organizza e sostiene questa importante attivit\u00e0 che consiglio di non perdere.<br \/>\nImmagina una settimana all\u2019isola d\u2019Elba in settembre, in un appartamento o una villa di charme, quando l\u2019isola incomincia a riprendere i suoi ritmi naturali, le spiagge si fanno di nuovo luoghi ospitali, puoi fare bagni ed escursioni in un ambiente naturale straordinario fuori dal turismo di massa\u2026 e la sera super concerto!<br \/>\nAffitta un appartamento o una villa con <span style=\"text-decoration: underline;\"><em><span style=\"color: #0000ff; text-decoration: underline;\"><a style=\"color: #0000ff; text-decoration: underline;\" href=\"https:\/\/www.goelba.it\/\">www.goelba.it<\/a><\/span><\/em><\/span> durante il Festival, ti offriremo il meglio che puoi trovare sull\u2019isola e ti faremo anche uno sconto!<\/span><\/span><strong><span style=\"color: #000000; font-size: 24px;\"><br \/>\n<\/span><\/strong><\/p>\n<p>&nbsp;<\/p>\n<p style=\"text-align: center;\"><span style=\"font-size: 36px; color: #000000;\"><strong>Elba Walking Festival Autunno<\/strong><\/span><\/p>\n<p>&nbsp;<\/p>\n<p><img loading=\"lazy\" decoding=\"async\" class=\"aligncenter size-full wp-image-2385\" src=\"https:\/\/www.goelba.it\/blog\/wp-content\/uploads\/2018\/08\/trekking-2.jpg\" alt=\"isola d'elba trekking\" width=\"1130\" height=\"536\" srcset=\"https:\/\/www.goelba.it\/blog\/wp-content\/uploads\/2018\/08\/trekking-2.jpg 1130w, https:\/\/www.goelba.it\/blog\/wp-content\/uploads\/2018\/08\/trekking-2-350x166.jpg 350w, https:\/\/www.goelba.it\/blog\/wp-content\/uploads\/2018\/08\/trekking-2-768x364.jpg 768w\" sizes=\"auto, (max-width: 1130px) 100vw, 1130px\" \/><\/p>\n<p>&nbsp;<\/p>\n<p><span style=\"color: #000000; font-size: 20px;\">Dove: Sui sentieri dell\u2019isola d\u2019Elba<\/span><br \/>\n<span style=\"color: #000000; font-size: 20px;\">Quando: dalla met\u00e0 di settembre alla met\u00e0 di ottobre (infopark)<\/span><br \/>\n<span style=\"color: #000000; font-size: 20px;\">Organizzatore: Parco nazionale Arcipelago Toscano<br \/>\n<\/span><span style=\"color: #000000; font-size: 20px;\">Tel. 0565 908231 walking@parcoarcipelago.info<\/span><\/p>\n<p><span style=\"color: #000000; font-size: 20px;\">Dopo l\u2019opportuna sospensione estiva, dalla met\u00e0 di settembre fino alla prima settimana di ottobre, ripartono all\u2019isola d\u2019Elba, le escursioni guidate nel Parco Nazionale dell\u2019Arcipelago Toscano.<\/span><br \/>\n<span style=\"color: #000000; font-size: 20px;\">Una dozzina di interessanti proposte distribuite in poco pi\u00f9 di tre settimane, gratuite e di solito ben organizzate, anche grazie alla competenza e professionalit\u00e0 delle guide.<\/span><br \/>\n<span style=\"color: #000000; font-size: 20px;\">L\u2019iniziativa si svolge sia in primavera che in autunno e da qualche anno riscuote sempre pi\u00f9 successo.<\/span><br \/>\n<span style=\"color: #000000; font-size: 20px;\">Bisogna prenotare entro le 18.00 del giorno precedente presso il punto d\u2019informazione del Parco Nazionale, informandosi del tipo di percorso e della sua difficolt\u00e0.<\/span><br \/>\n<span style=\"color: #000000; font-size: 20px;\">Normalmente sono pi\u00f9 passeggiate che veri e propri trekking, dove la parola d\u2019ordine \u00e8 l\u2019osservazione dell\u2019ambiente e il piacere dei sentieri sul mare che offre l\u2019isola d\u2019Elba.<\/span><br \/>\n<span style=\"color: #000000; font-size: 20px;\">Quasi sempre, a fine escursione, \u00e8 prevista la visita di qualche piccolo museo locale e la degustazione di prodotti tipici, solitamente molto apprezzati.<\/span><\/p>\n","protected":false},"excerpt":{"rendered":"<p>Dopo ferragosto \u201cil cocomero al porco\u201d. Cos\u00ec si dice all\u2019isola d\u2019Elba della deliziosa cucurbitacea in altre parti d\u2019Italia chiamata anguria, ed \u00e8 anche una metafora dell\u2019estate elbana che sta finendo. Ma bisogna aspettare settembre per ritrovare qualcosa che somigli ai lenti ritmi insulari, pi\u00f9 precisamente a partire dalla seconda settimana di settembre l\u2019isola d\u2019Elba si [&hellip;]<\/p>\n","protected":false},"author":2,"featured_media":2378,"comment_status":"open","ping_status":"closed","sticky":false,"template":"","format":"standard","meta":{"_acf_changed":false,"footnotes":""},"categories":[2],"tags":[144],"class_list":["post-2375","post","type-post","status-publish","format-standard","has-post-thumbnail","hentry","category-informazioni-utili-per-le-tue-vacanze-allisola-delba","tag-eventi"],"acf":[],"yoast_head":"<!-- This site is optimized with the Yoast SEO plugin v24.8.1 - https:\/\/yoast.com\/wordpress\/plugins\/seo\/ -->\n<title>Isola d&#039;Elba a Settembre - Goelba.it<\/title>\n<meta name=\"robots\" content=\"index, follow, max-snippet:-1, max-image-preview:large, max-video-preview:-1\" \/>\n<link rel=\"canonical\" href=\"https:\/\/www.goelba.it\/blog\/isola-delba-a-settembre\/\" \/>\n<meta property=\"og:locale\" content=\"it_IT\" \/>\n<meta property=\"og:type\" content=\"article\" \/>\n<meta property=\"og:title\" content=\"Isola d&#039;Elba a Settembre - Goelba.it\" \/>\n<meta property=\"og:description\" content=\"Dopo ferragosto \u201cil cocomero al porco\u201d. Cos\u00ec si dice all\u2019isola d\u2019Elba della deliziosa cucurbitacea in altre parti d\u2019Italia chiamata anguria, ed \u00e8 anche una metafora dell\u2019estate elbana che sta finendo. Ma bisogna aspettare settembre per ritrovare qualcosa che somigli ai lenti ritmi insulari, pi\u00f9 precisamente a partire dalla seconda settimana di settembre l\u2019isola d\u2019Elba si [&hellip;]\" \/>\n<meta property=\"og:url\" content=\"https:\/\/www.goelba.it\/blog\/isola-delba-a-settembre\/\" \/>\n<meta property=\"og:site_name\" content=\"Goelba.it\" \/>\n<meta property=\"article:published_time\" content=\"2018-08-25T11:10:04+00:00\" \/>\n<meta property=\"article:modified_time\" content=\"2022-10-07T08:22:24+00:00\" \/>\n<meta property=\"og:image\" content=\"https:\/\/www.goelba.it\/blog\/wp-content\/uploads\/2018\/08\/ok-1130x536.jpg\" \/>\n\t<meta property=\"og:image:width\" content=\"1130\" \/>\n\t<meta property=\"og:image:height\" content=\"536\" \/>\n\t<meta property=\"og:image:type\" content=\"image\/jpeg\" \/>\n<meta name=\"author\" content=\"graziano\" \/>\n<meta name=\"twitter:card\" content=\"summary_large_image\" \/>\n<meta name=\"twitter:label1\" content=\"Scritto da\" \/>\n\t<meta name=\"twitter:data1\" content=\"graziano\" \/>\n\t<meta name=\"twitter:label2\" content=\"Tempo di lettura stimato\" \/>\n\t<meta name=\"twitter:data2\" content=\"4 minuti\" \/>\n<script type=\"application\/ld+json\" class=\"yoast-schema-graph\">{\"@context\":\"https:\/\/schema.org\",\"@graph\":[{\"@type\":\"Article\",\"@id\":\"https:\/\/www.goelba.it\/blog\/isola-delba-a-settembre\/#article\",\"isPartOf\":{\"@id\":\"https:\/\/www.goelba.it\/blog\/isola-delba-a-settembre\/\"},\"author\":{\"name\":\"graziano\",\"@id\":\"https:\/\/www.goelba.it\/blog\/#\/schema\/person\/4ee69a9daf381abc598954d0a956525e\"},\"headline\":\"Isola d&#8217;Elba a Settembre\",\"datePublished\":\"2018-08-25T11:10:04+00:00\",\"dateModified\":\"2022-10-07T08:22:24+00:00\",\"mainEntityOfPage\":{\"@id\":\"https:\/\/www.goelba.it\/blog\/isola-delba-a-settembre\/\"},\"wordCount\":786,\"commentCount\":0,\"publisher\":{\"@id\":\"https:\/\/www.goelba.it\/blog\/#organization\"},\"image\":{\"@id\":\"https:\/\/www.goelba.it\/blog\/isola-delba-a-settembre\/#primaryimage\"},\"thumbnailUrl\":\"https:\/\/www.goelba.it\/blog\/wp-content\/uploads\/2018\/08\/ok-1130x536.jpg\",\"keywords\":[\"eventi\"],\"articleSection\":[\"Informazioni\"],\"inLanguage\":\"it-IT\",\"potentialAction\":[{\"@type\":\"CommentAction\",\"name\":\"Comment\",\"target\":[\"https:\/\/www.goelba.it\/blog\/isola-delba-a-settembre\/#respond\"]}]},{\"@type\":\"WebPage\",\"@id\":\"https:\/\/www.goelba.it\/blog\/isola-delba-a-settembre\/\",\"url\":\"https:\/\/www.goelba.it\/blog\/isola-delba-a-settembre\/\",\"name\":\"Isola d'Elba a Settembre - Goelba.it\",\"isPartOf\":{\"@id\":\"https:\/\/www.goelba.it\/blog\/#website\"},\"primaryImageOfPage\":{\"@id\":\"https:\/\/www.goelba.it\/blog\/isola-delba-a-settembre\/#primaryimage\"},\"image\":{\"@id\":\"https:\/\/www.goelba.it\/blog\/isola-delba-a-settembre\/#primaryimage\"},\"thumbnailUrl\":\"https:\/\/www.goelba.it\/blog\/wp-content\/uploads\/2018\/08\/ok-1130x536.jpg\",\"datePublished\":\"2018-08-25T11:10:04+00:00\",\"dateModified\":\"2022-10-07T08:22:24+00:00\",\"breadcrumb\":{\"@id\":\"https:\/\/www.goelba.it\/blog\/isola-delba-a-settembre\/#breadcrumb\"},\"inLanguage\":\"it-IT\",\"potentialAction\":[{\"@type\":\"ReadAction\",\"target\":[\"https:\/\/www.goelba.it\/blog\/isola-delba-a-settembre\/\"]}]},{\"@type\":\"ImageObject\",\"inLanguage\":\"it-IT\",\"@id\":\"https:\/\/www.goelba.it\/blog\/isola-delba-a-settembre\/#primaryimage\",\"url\":\"https:\/\/www.goelba.it\/blog\/wp-content\/uploads\/2018\/08\/ok-1130x536.jpg\",\"contentUrl\":\"https:\/\/www.goelba.it\/blog\/wp-content\/uploads\/2018\/08\/ok-1130x536.jpg\",\"width\":1130,\"height\":536,\"caption\":\"isola elba settembre\"},{\"@type\":\"BreadcrumbList\",\"@id\":\"https:\/\/www.goelba.it\/blog\/isola-delba-a-settembre\/#breadcrumb\",\"itemListElement\":[{\"@type\":\"ListItem\",\"position\":1,\"name\":\"Home\",\"item\":\"https:\/\/www.goelba.it\/blog\/\"},{\"@type\":\"ListItem\",\"position\":2,\"name\":\"Isola d&#8217;Elba a Settembre\"}]},{\"@type\":\"WebSite\",\"@id\":\"https:\/\/www.goelba.it\/blog\/#website\",\"url\":\"https:\/\/www.goelba.it\/blog\/\",\"name\":\"Goelba.it\",\"description\":\"Quello che c&#039;\u00e8 da sapere per vacanze all&#039;isola d&#039;Elba\",\"publisher\":{\"@id\":\"https:\/\/www.goelba.it\/blog\/#organization\"},\"potentialAction\":[{\"@type\":\"SearchAction\",\"target\":{\"@type\":\"EntryPoint\",\"urlTemplate\":\"https:\/\/www.goelba.it\/blog\/?s={search_term_string}\"},\"query-input\":{\"@type\":\"PropertyValueSpecification\",\"valueRequired\":true,\"valueName\":\"search_term_string\"}}],\"inLanguage\":\"it-IT\"},{\"@type\":\"Organization\",\"@id\":\"https:\/\/www.goelba.it\/blog\/#organization\",\"name\":\"GoElba\",\"url\":\"https:\/\/www.goelba.it\/blog\/\",\"logo\":{\"@type\":\"ImageObject\",\"inLanguage\":\"it-IT\",\"@id\":\"https:\/\/www.goelba.it\/blog\/#\/schema\/logo\/image\/\",\"url\":\"https:\/\/www.goelba.it\/blog\/wp-content\/uploads\/2019\/07\/logo.png\",\"contentUrl\":\"https:\/\/www.goelba.it\/blog\/wp-content\/uploads\/2019\/07\/logo.png\",\"width\":394,\"height\":150,\"caption\":\"GoElba\"},\"image\":{\"@id\":\"https:\/\/www.goelba.it\/blog\/#\/schema\/logo\/image\/\"}},{\"@type\":\"Person\",\"@id\":\"https:\/\/www.goelba.it\/blog\/#\/schema\/person\/4ee69a9daf381abc598954d0a956525e\",\"name\":\"graziano\",\"image\":{\"@type\":\"ImageObject\",\"inLanguage\":\"it-IT\",\"@id\":\"https:\/\/www.goelba.it\/blog\/#\/schema\/person\/image\/\",\"url\":\"https:\/\/secure.gravatar.com\/avatar\/646d203c28646d9cf81a5fda4440f81482a721c03872e0625d30059642c639e3?s=96&d=mm&r=g\",\"contentUrl\":\"https:\/\/secure.gravatar.com\/avatar\/646d203c28646d9cf81a5fda4440f81482a721c03872e0625d30059642c639e3?s=96&d=mm&r=g\",\"caption\":\"graziano\"}}]}<\/script>\n<!-- \/ Yoast SEO plugin. -->","yoast_head_json":{"title":"Isola d'Elba a Settembre - Goelba.it","robots":{"index":"index","follow":"follow","max-snippet":"max-snippet:-1","max-image-preview":"max-image-preview:large","max-video-preview":"max-video-preview:-1"},"canonical":"https:\/\/www.goelba.it\/blog\/isola-delba-a-settembre\/","og_locale":"it_IT","og_type":"article","og_title":"Isola d'Elba a Settembre - Goelba.it","og_description":"Dopo ferragosto \u201cil cocomero al porco\u201d. Cos\u00ec si dice all\u2019isola d\u2019Elba della deliziosa cucurbitacea in altre parti d\u2019Italia chiamata anguria, ed \u00e8 anche una metafora dell\u2019estate elbana che sta finendo. Ma bisogna aspettare settembre per ritrovare qualcosa che somigli ai lenti ritmi insulari, pi\u00f9 precisamente a partire dalla seconda settimana di settembre l\u2019isola d\u2019Elba si [&hellip;]","og_url":"https:\/\/www.goelba.it\/blog\/isola-delba-a-settembre\/","og_site_name":"Goelba.it","article_published_time":"2018-08-25T11:10:04+00:00","article_modified_time":"2022-10-07T08:22:24+00:00","og_image":[{"width":1130,"height":536,"url":"https:\/\/www.goelba.it\/blog\/wp-content\/uploads\/2018\/08\/ok-1130x536.jpg","type":"image\/jpeg"}],"author":"graziano","twitter_card":"summary_large_image","twitter_misc":{"Scritto da":"graziano","Tempo di lettura stimato":"4 minuti"},"schema":{"@context":"https:\/\/schema.org","@graph":[{"@type":"Article","@id":"https:\/\/www.goelba.it\/blog\/isola-delba-a-settembre\/#article","isPartOf":{"@id":"https:\/\/www.goelba.it\/blog\/isola-delba-a-settembre\/"},"author":{"name":"graziano","@id":"https:\/\/www.goelba.it\/blog\/#\/schema\/person\/4ee69a9daf381abc598954d0a956525e"},"headline":"Isola d&#8217;Elba a Settembre","datePublished":"2018-08-25T11:10:04+00:00","dateModified":"2022-10-07T08:22:24+00:00","mainEntityOfPage":{"@id":"https:\/\/www.goelba.it\/blog\/isola-delba-a-settembre\/"},"wordCount":786,"commentCount":0,"publisher":{"@id":"https:\/\/www.goelba.it\/blog\/#organization"},"image":{"@id":"https:\/\/www.goelba.it\/blog\/isola-delba-a-settembre\/#primaryimage"},"thumbnailUrl":"https:\/\/www.goelba.it\/blog\/wp-content\/uploads\/2018\/08\/ok-1130x536.jpg","keywords":["eventi"],"articleSection":["Informazioni"],"inLanguage":"it-IT","potentialAction":[{"@type":"CommentAction","name":"Comment","target":["https:\/\/www.goelba.it\/blog\/isola-delba-a-settembre\/#respond"]}]},{"@type":"WebPage","@id":"https:\/\/www.goelba.it\/blog\/isola-delba-a-settembre\/","url":"https:\/\/www.goelba.it\/blog\/isola-delba-a-settembre\/","name":"Isola d'Elba a Settembre - Goelba.it","isPartOf":{"@id":"https:\/\/www.goelba.it\/blog\/#website"},"primaryImageOfPage":{"@id":"https:\/\/www.goelba.it\/blog\/isola-delba-a-settembre\/#primaryimage"},"image":{"@id":"https:\/\/www.goelba.it\/blog\/isola-delba-a-settembre\/#primaryimage"},"thumbnailUrl":"https:\/\/www.goelba.it\/blog\/wp-content\/uploads\/2018\/08\/ok-1130x536.jpg","datePublished":"2018-08-25T11:10:04+00:00","dateModified":"2022-10-07T08:22:24+00:00","breadcrumb":{"@id":"https:\/\/www.goelba.it\/blog\/isola-delba-a-settembre\/#breadcrumb"},"inLanguage":"it-IT","potentialAction":[{"@type":"ReadAction","target":["https:\/\/www.goelba.it\/blog\/isola-delba-a-settembre\/"]}]},{"@type":"ImageObject","inLanguage":"it-IT","@id":"https:\/\/www.goelba.it\/blog\/isola-delba-a-settembre\/#primaryimage","url":"https:\/\/www.goelba.it\/blog\/wp-content\/uploads\/2018\/08\/ok-1130x536.jpg","contentUrl":"https:\/\/www.goelba.it\/blog\/wp-content\/uploads\/2018\/08\/ok-1130x536.jpg","width":1130,"height":536,"caption":"isola elba settembre"},{"@type":"BreadcrumbList","@id":"https:\/\/www.goelba.it\/blog\/isola-delba-a-settembre\/#breadcrumb","itemListElement":[{"@type":"ListItem","position":1,"name":"Home","item":"https:\/\/www.goelba.it\/blog\/"},{"@type":"ListItem","position":2,"name":"Isola d&#8217;Elba a Settembre"}]},{"@type":"WebSite","@id":"https:\/\/www.goelba.it\/blog\/#website","url":"https:\/\/www.goelba.it\/blog\/","name":"Goelba.it","description":"Quello che c&#039;\u00e8 da sapere per vacanze all&#039;isola d&#039;Elba","publisher":{"@id":"https:\/\/www.goelba.it\/blog\/#organization"},"potentialAction":[{"@type":"SearchAction","target":{"@type":"EntryPoint","urlTemplate":"https:\/\/www.goelba.it\/blog\/?s={search_term_string}"},"query-input":{"@type":"PropertyValueSpecification","valueRequired":true,"valueName":"search_term_string"}}],"inLanguage":"it-IT"},{"@type":"Organization","@id":"https:\/\/www.goelba.it\/blog\/#organization","name":"GoElba","url":"https:\/\/www.goelba.it\/blog\/","logo":{"@type":"ImageObject","inLanguage":"it-IT","@id":"https:\/\/www.goelba.it\/blog\/#\/schema\/logo\/image\/","url":"https:\/\/www.goelba.it\/blog\/wp-content\/uploads\/2019\/07\/logo.png","contentUrl":"https:\/\/www.goelba.it\/blog\/wp-content\/uploads\/2019\/07\/logo.png","width":394,"height":150,"caption":"GoElba"},"image":{"@id":"https:\/\/www.goelba.it\/blog\/#\/schema\/logo\/image\/"}},{"@type":"Person","@id":"https:\/\/www.goelba.it\/blog\/#\/schema\/person\/4ee69a9daf381abc598954d0a956525e","name":"graziano","image":{"@type":"ImageObject","inLanguage":"it-IT","@id":"https:\/\/www.goelba.it\/blog\/#\/schema\/person\/image\/","url":"https:\/\/secure.gravatar.com\/avatar\/646d203c28646d9cf81a5fda4440f81482a721c03872e0625d30059642c639e3?s=96&d=mm&r=g","contentUrl":"https:\/\/secure.gravatar.com\/avatar\/646d203c28646d9cf81a5fda4440f81482a721c03872e0625d30059642c639e3?s=96&d=mm&r=g","caption":"graziano"}}]}},"_links":{"self":[{"href":"https:\/\/www.goelba.it\/blog\/wp-json\/wp\/v2\/posts\/2375","targetHints":{"allow":["GET"]}}],"collection":[{"href":"https:\/\/www.goelba.it\/blog\/wp-json\/wp\/v2\/posts"}],"about":[{"href":"https:\/\/www.goelba.it\/blog\/wp-json\/wp\/v2\/types\/post"}],"author":[{"embeddable":true,"href":"https:\/\/www.goelba.it\/blog\/wp-json\/wp\/v2\/users\/2"}],"replies":[{"embeddable":true,"href":"https:\/\/www.goelba.it\/blog\/wp-json\/wp\/v2\/comments?post=2375"}],"version-history":[{"count":0,"href":"https:\/\/www.goelba.it\/blog\/wp-json\/wp\/v2\/posts\/2375\/revisions"}],"wp:featuredmedia":[{"embeddable":true,"href":"https:\/\/www.goelba.it\/blog\/wp-json\/wp\/v2\/media\/2378"}],"wp:attachment":[{"href":"https:\/\/www.goelba.it\/blog\/wp-json\/wp\/v2\/media?parent=2375"}],"wp:term":[{"taxonomy":"category","embeddable":true,"href":"https:\/\/www.goelba.it\/blog\/wp-json\/wp\/v2\/categories?post=2375"},{"taxonomy":"post_tag","embeddable":true,"href":"https:\/\/www.goelba.it\/blog\/wp-json\/wp\/v2\/tags?post=2375"}],"curies":[{"name":"wp","href":"https:\/\/api.w.org\/{rel}","templated":true}]}}