{"id":2336,"date":"2018-06-12T15:50:18","date_gmt":"2018-06-12T13:50:18","guid":{"rendered":"https:\/\/www.goelba.it\/blog\/?p=2336"},"modified":"2022-10-07T10:23:10","modified_gmt":"2022-10-07T08:23:10","slug":"isola-delba-a-luglio","status":"publish","type":"post","link":"https:\/\/www.goelba.it\/blog\/isola-delba-a-luglio\/","title":{"rendered":"Isola d&#8217;Elba a Luglio"},"content":{"rendered":"<p><span style=\"font-size: 32px;\"><strong><img loading=\"lazy\" decoding=\"async\" class=\"aligncenter size-full wp-image-2339\" src=\"https:\/\/www.goelba.it\/blog\/wp-content\/uploads\/2018\/06\/3.-luglio.jpg\" alt=\"eventi isola d'elba a luglio\" width=\"1130\" height=\"536\" srcset=\"https:\/\/www.goelba.it\/blog\/wp-content\/uploads\/2018\/06\/3.-luglio.jpg 1130w, https:\/\/www.goelba.it\/blog\/wp-content\/uploads\/2018\/06\/3.-luglio-350x166.jpg 350w, https:\/\/www.goelba.it\/blog\/wp-content\/uploads\/2018\/06\/3.-luglio-768x364.jpg 768w\" sizes=\"auto, (max-width: 1130px) 100vw, 1130px\" \/> <\/strong><\/span><\/p>\n<p>&nbsp;<\/p>\n<p style=\"text-align: justify;\"><span style=\"color: #000000; font-size: 20px;\">Le giornate luminose e assolate, l\u2019acqua del mare irresistibile e il caldo insulare, fanno di luglio il mese ideale per lunghi bagni in mare.<\/span><br \/>\n<span style=\"color: #000000; font-size: 20px;\">E la maggior parte dei turisti questo fa tutto il tempo: spiaggia, sole e mare.<\/span><br \/>\n<span style=\"color: #000000; font-size: 20px;\">Faccio fatica a dargli torto, anche perch\u00e9 se volessi metterti in cammino per un\u2019escursione, parti la mattina presto e accertati che la maggior parte del sentiero sia all\u2019ombra!<\/span><br \/>\n<span style=\"color: #000000; font-size: 20px;\">Rare sono le giornate nuvolose e ancor pi\u00f9 improbabili quelle piovose, in tutti i casi non ho mai visto un acquazzone di luglio durare pi\u00f9 di un\u2019ora.<\/span><br \/>\n<span style=\"color: #000000; font-size: 20px;\">Nonostante tutti questi buoni motivi per scoraggiare qualsiasi altra attivit\u00e0 che non sia stare sotto l\u2019ombrellone o al fresco della veranda di una <a href=\"https:\/\/www.goelba.it\/ville\/\">casa vacanza<\/a>, in luglio l\u2019isola d\u2019Elba si anima di iniziative importanti e di un ottimo livello artistico, insomma, accanto alle immancabili sagre alla buona del polpo lesso e della sardinata (sardine alla griglia), puoi goderti degli spettacoli davvero di qualit\u00e0.<\/span><\/p>\n<p>&nbsp;<\/p>\n<p style=\"text-align: center;\"><span style=\"font-size: 36px; color: #000000;\"><strong>Magnetic Festival<\/strong><\/span><\/p>\n<p>&nbsp;<\/p>\n<p><img loading=\"lazy\" decoding=\"async\" class=\"aligncenter size-full wp-image-2341\" src=\"https:\/\/www.goelba.it\/blog\/wp-content\/uploads\/2018\/06\/5.-drone-miniera.jpg\" alt=\"\" width=\"1130\" height=\"536\" srcset=\"https:\/\/www.goelba.it\/blog\/wp-content\/uploads\/2018\/06\/5.-drone-miniera.jpg 1130w, https:\/\/www.goelba.it\/blog\/wp-content\/uploads\/2018\/06\/5.-drone-miniera-350x166.jpg 350w, https:\/\/www.goelba.it\/blog\/wp-content\/uploads\/2018\/06\/5.-drone-miniera-768x364.jpg 768w\" sizes=\"auto, (max-width: 1130px) 100vw, 1130px\" \/><\/p>\n<p>&nbsp;<\/p>\n<p style=\"text-align: justify;\"><span style=\"color: #000000; font-size: 20px;\">Dove: Capoliveri<\/span><br \/>\n<span style=\"color: #000000; font-size: 20px;\">Quando: Diverse date durante il mese di luglio (vedi cartellone\u00a0 <a href=\"https:\/\/www.maggyart.it\">https:\/\/www.maggyart.it<\/a>)<\/span><br \/>\n<span style=\"color: #000000; font-size: 20px;\">Organizzatore: Maggyart Associazione Culturale Artistica di Capoliveri<br \/>\nTel. 377 2628955 <a href=\"mailto:Maggyart@hotmail.com\">Maggyart@hotmail.com <\/a><\/span><\/p>\n<p style=\"text-align: justify;\"><span style=\"color: #000000; font-size: 20px;\">Lirica, danza, concerti all\u2019aria aperta all\u2019interno della Miniera del Ginevro.<\/span><br \/>\n<span style=\"color: #000000; font-size: 20px;\">Un anfiteatro scavato nell\u2019antica roccia del Monte Calamita dove, fino a qualche decennio fa, si estraeva la magnetite, un ossido di ferro che d\u00e0 il nome all\u2019intero promontorio sud orientale dell\u2019isola d\u2019Elba.<\/span><br \/>\n<span style=\"color: #000000; font-size: 20px;\">Delimitato da pareti rocciose alte pi\u00f9 di trenta metri, il palcoscenico \u00e8 gi\u00e0 uno spettacolo, oltre il naturale incontro tra i profumi delle essenze resinose del Mediterraneo e dalla brezza del mare.<\/span><br \/>\n<span style=\"color: #000000; font-size: 20px;\">Pagando un biglietto tutto sommato modesto per il livello degli spettacoli proposti, ti puoi assicurare pi\u00f9 di una serata davvero emozionante durante tutto il mese di luglio; ti consiglio di prenotare i biglietti on line, poich\u00e9 anche se giovane, il festival \u00e8 gi\u00e0 ben frequentato e i posti sono limitati.<\/span><br \/>\n<span style=\"color: #000000; font-size: 20px;\">Oltre l\u2019arte, sempre nel cantiere minerario trasformato in arena artistica, c\u2019\u00e8 la possibilit\u00e0 di cenare ad un ristorante all\u2019aperto che personalmente non ho testato, ma che mi dicono essere di buon livello.<\/span><br \/>\n<span style=\"color: #000000; font-size: 20px;\">Abbinato al Magnetic Festival, sempre durante il mese di luglio, puoi assistere anche ai matin\u00e9e musicali e ai concerti serali in Piazza Matteotti a Capoliveri, eventi pi\u00f9 popolari, ma sempre di ottimo livello.<\/span><br \/>\n<span style=\"color: #000000; font-size: 20px;\">Mi ha fatto piacere sapere che l\u2019associazione culturale di Capoliveri che gestisce il festival, formata da sinceri appassionati, ha ottenuto la concessione fino al 2022!<\/span><\/p>\n<p>&nbsp;<\/p>\n<p style=\"text-align: center;\"><span style=\"color: #000000;\"><strong><span style=\"font-size: 36px;\">Premio Letterario Isola d&#8217;Elba<\/span><\/strong><\/span><\/p>\n<p style=\"text-align: center;\"><img loading=\"lazy\" decoding=\"async\" class=\"aligncenter size-full wp-image-2480\" src=\"https:\/\/www.goelba.it\/blog\/wp-content\/uploads\/2018\/06\/quadro.jpg\" alt=\"premio letterario isola d'Elba\" width=\"760\" height=\"200\" srcset=\"https:\/\/www.goelba.it\/blog\/wp-content\/uploads\/2018\/06\/quadro.jpg 760w, https:\/\/www.goelba.it\/blog\/wp-content\/uploads\/2018\/06\/quadro-350x92.jpg 350w\" sizes=\"auto, (max-width: 760px) 100vw, 760px\" \/><\/p>\n<p>&nbsp;<\/p>\n<p style=\"text-align: justify;\"><span style=\"color: #000000; font-size: 20px;\">Dove: Portoferraio Hotel Airone ore 21.30<\/span><br \/>\n<span style=\"color: #000000; font-size: 20px;\">Quando: 13 luglio<\/span><br \/>\n<span style=\"color: #000000; font-size: 20px;\">Organizzatore:\u00a0<a style=\"color: #000000;\" href=\"mailto:premioletterarioelba@gmail.com\">premioletterarioelba@gmail.co<\/a>m\u00a0 Sito Ufficiale\u00a0<a style=\"color: #000000;\" href=\"https:\/\/www.premioletterarioelba.it\">www.premioletterarioelba.it\u00a0<\/a><\/span><\/p>\n<p style=\"text-align: justify;\"><span style=\"font-size: 20px; color: #000000;\">Dal 1962, con pi\u00f9 di 2.000 libri esaminati e scrittori del calibro di Mario Luzi, Eugenio Montale, Heinrich Boll, Mario Tobino, Alberto Bevfilacqua e molti altri, \u00e8 l&#8217;evento culturale pi\u00f9 importante all&#8217;isola d&#8217;Elba.<\/span><\/p>\n<p style=\"text-align: justify;\"><span style=\"font-size: 20px; color: #000000;\">Dal 1984 il premio \u00e8 stato intitolato alla memoria di Raffaello Brignetti, scrittore che seppure nato all&#8217;isola del Giglio, ha soggiornato a lungo nella sua amata Marciana Marina.<\/span><br \/>\n<span style=\"font-size: 20px; color: #000000;\">Ogni anno la serata di premiazione \u00e8 accompagnata da iniziative culturali e mondane con personaggi dello spettacolo e critici di ottimo livello.<\/span><br \/>\n<span style=\"font-size: 20px; color: #000000;\">Sul sito ufficiale del premio tutte informazioni dell&#8217;evento con interviste e molto altro:\u00a0<a style=\"color: #000000;\" href=\"https:\/\/www.premioletterarioelba.it\/\" target=\"_blank\" rel=\"noopener noreferrer\">www.premioletterarioelba.it<\/a>.<\/span><\/p>\n<p>&nbsp;<\/p>\n<p style=\"text-align: center;\"><span style=\"font-size: 36px; color: #000000;\"><strong>Festa dell&#8217;innamorata<\/strong><\/span><\/p>\n<p><img loading=\"lazy\" decoding=\"async\" class=\"aligncenter size-full wp-image-2482\" src=\"https:\/\/www.goelba.it\/blog\/wp-content\/uploads\/2018\/06\/leggenda-innamorata-5.jpg\" alt=\"capoliveri festa innamorata\" width=\"800\" height=\"421\" srcset=\"https:\/\/www.goelba.it\/blog\/wp-content\/uploads\/2018\/06\/leggenda-innamorata-5.jpg 800w, https:\/\/www.goelba.it\/blog\/wp-content\/uploads\/2018\/06\/leggenda-innamorata-5-350x184.jpg 350w, https:\/\/www.goelba.it\/blog\/wp-content\/uploads\/2018\/06\/leggenda-innamorata-5-768x404.jpg 768w\" sizes=\"auto, (max-width: 800px) 100vw, 800px\" \/><\/p>\n<p><span style=\"color: #000000; font-size: 20px;\">Dove: Capoliveri<\/span><br \/>\n<span style=\"color: #000000; font-size: 20px;\">Quando: 14 luglio<\/span><\/p>\n<p style=\"text-align: justify;\"><span style=\"font-size: 20px; color: #000000;\">Quando i pirati saccheggiavano davvero l&#8217;isola d&#8217;Elba, siano nella seconda met\u00e0 del XVII secolo, nacque una leggenda che forse tanto leggenda non \u00e8.<\/span><br \/>\n<span style=\"font-size: 20px; color: #000000;\">Lorenzo era un nobile decaduto che si era stabilito in quella che allora era chiamata &#8220;Cala de lo Ferro&#8221; e oggi pi\u00f9 romanticamente &#8220;l&#8217;Innamorata&#8221;.<\/span><br \/>\n<span style=\"font-size: 20px; color: #000000;\">Un amore contrastato dalle famiglie, versione agreste dei veronesi Giulietta e Romeo, vede il giovane Lorenzo rapito dai pirati durante una delle loro scorribande.<\/span><br \/>\n<span style=\"font-size: 20px; color: #000000;\">Maria assiste impotente alla scena del rapimento e si getta anch&#8217;essa in mare, ma scompare tra i flutti, dai quali riemerge soltanto il suo scialle, la cosidetta &#8220;Ciarpa&#8221;.\u00a0<\/span><br \/>\n<span style=\"font-size: 20px; color: #000000;\">Nel luogo degli incontri dei due sfortunati amanti, da tanti anni si ricorda questa tragica vicenda con un corteo di figuranti in costume ben calati nella loro parte che alle 21.00 del 14 luglio parte dalla chiesa dell&#8217;Assunta nel paese di Capoliveri, raggiungendo la spiaggia dell&#8217;innamorata, illuminati durante il percorso da 1000 fiaccole.<\/span><br \/>\n<span style=\"font-size: 20px; color: #000000;\">La ragazza che interpreta Maria, una volta arrivata alla spiaggia dell&#8217;Innamorata, si tuffa dallo scoglio detto appunto &#8220;della Sciarpa, lasciando cadere il suo scialle bianco che sar\u00e0 il trofeo per il quale si sfideranno i rioni di Capoliveri con un palio remiero alla conquista della &#8220;Sciarpa&#8221;.<\/span><br \/>\n<span style=\"font-size: 20px; color: #000000;\">Finita la rappresentazione. si parte coi fuochi d&#8217;artificio, festeggiamenti e musica.<\/span><\/p>\n<p>&nbsp;<\/p>\n<p style=\"text-align: center;\"><strong><span style=\"font-size: 36px; color: #000000;\">Omaggio a Rino Gaetano<\/span><\/strong><\/p>\n<p><img loading=\"lazy\" decoding=\"async\" class=\"aligncenter size-full wp-image-2484\" src=\"https:\/\/www.goelba.it\/blog\/wp-content\/uploads\/2018\/06\/famiglia-malteni.jpg\" alt=\"marina di campo rino gaetano\" width=\"1024\" height=\"537\" srcset=\"https:\/\/www.goelba.it\/blog\/wp-content\/uploads\/2018\/06\/famiglia-malteni.jpg 1024w, https:\/\/www.goelba.it\/blog\/wp-content\/uploads\/2018\/06\/famiglia-malteni-350x184.jpg 350w, https:\/\/www.goelba.it\/blog\/wp-content\/uploads\/2018\/06\/famiglia-malteni-768x403.jpg 768w\" sizes=\"auto, (max-width: 1024px) 100vw, 1024px\" \/><\/p>\n<p>&nbsp;<\/p>\n<p style=\"text-align: justify;\"><span style=\"font-size: 20px; color: #000000;\">Luned\u00ec\u00a0\u00a0<strong>22 luglio 2019<\/strong>, all&#8217;aperto, a\u00a0<strong>Marina di Campo<\/strong>\u00a0in Piazza Dante Alighieri &#8211; Ingresso gratuito<\/span><\/p>\n<p style=\"text-align: justify;\"><span style=\"font-size: 20px; color: #000000;\">Live proposto da nove musicisti , ben curato e molto aderente agli arrangiamenti originali.<\/span><br \/>\n<span style=\"font-size: 20px; color: #000000;\">Un omaggio alla breve e folgorante carriera artistica di Rino Gaetano, del suo spirito anticonformista e ironico che ha da dire molto anche alla contemporaneit\u00e0.<\/span><br \/>\n<span style=\"font-size: 20px; color: #000000;\">Tutto autentico e fedele, sound, costumi e strumentazione, nessun utilizzo di basi e sequenze.<\/span><br \/>\n<span style=\"font-size: 20px; color: #000000;\">Un&#8217;occasione imperdibile per chi conosce e per chi non ha conosciuto il grande cantautore, oggi pi\u00f9 attuale che mai.<\/span><\/p>\n<p>&nbsp;<\/p>\n<p style=\"text-align: center;\"><span style=\"font-size: 32px; color: #000000;\"><strong><span style=\"font-size: 36px;\">LE\u00a0 NOTTI\u00a0 DELL&#8217;ARCHEOLOGIA<\/span><\/strong><\/span><\/p>\n<p>&nbsp;<\/p>\n<p><img loading=\"lazy\" decoding=\"async\" class=\"size-full wp-image-2362 aligncenter\" src=\"https:\/\/www.goelba.it\/blog\/wp-content\/uploads\/2018\/06\/ISOLA-DELBA-_C11_031.jpg\" alt=\"ISOLA D'ELBA ARCHEOLOGIA\" width=\"1130\" height=\"536\" srcset=\"https:\/\/www.goelba.it\/blog\/wp-content\/uploads\/2018\/06\/ISOLA-DELBA-_C11_031.jpg 1130w, https:\/\/www.goelba.it\/blog\/wp-content\/uploads\/2018\/06\/ISOLA-DELBA-_C11_031-350x166.jpg 350w, https:\/\/www.goelba.it\/blog\/wp-content\/uploads\/2018\/06\/ISOLA-DELBA-_C11_031-768x364.jpg 768w\" sizes=\"auto, (max-width: 1130px) 100vw, 1130px\" \/><\/p>\n<p>&nbsp;<\/p>\n<p style=\"text-align: justify;\"><span style=\"font-size: 20px; color: #000000;\">Dove:\u00a0 \u00a0 \u00a0 \u00a0 \u00a0 \u00a0 \u00a0 \u00a0 \u00a0Musei, parchi ed aree archeologiche dell\u2019isola d\u2019Elba.<\/span><br \/>\n<span style=\"font-size: 20px; color: #000000;\">Quando:\u00a0 \u00a0 \u00a0 \u00a0 \u00a0 \u00a0 Diverse date durante il mese di luglio <\/span><br \/>\n<span style=\"font-size: 20px; color: #000000;\">Organizzatore:\u00a0 Regione Toscana, Comune Portoferraio.<\/span><br \/>\n<span style=\"font-size: 20px; color: #000000;\">Tel. 0565 944024\u00a0 \u00a0 \u00a0 \u00a0 \u00a0 \u00a0\u00a0<a style=\"color: #000000;\" href=\"mailto:info@marinadiportoferraio.it\">info@marinadiportoferraio.it<\/a><\/span><\/p>\n<p style=\"text-align: justify;\"><span style=\"font-size: 20px; color: #000000;\">Anche se fai parte di quella categoria di persone che visitando un museo, dopo un quarto d\u2019ora incominciano a spazientirsi, non preoccuparti, queste visite a musei e parchi archeologici dell\u2019isola d\u2019Elba certamente non ti annoieranno.<\/span><br \/>\n<span style=\"font-size: 20px; color: #000000;\">Le guide e gli animatori sono molto competenti e comunicativi e tutte le volte s\u2019inventano stratagemmi di ogni tipo per fissare l\u2019attenzione di grandi e piccini.<\/span><\/p>\n<p style=\"text-align: justify;\"><span style=\"font-size: 20px; color: #000000;\">Sebbene ogni anno cambi il programma, ci sono sempre visite serali guidate ai principali musei elbani, attivit\u00e0 per bambini legate all\u2019arte e all\u2019archeologia, degustazioni in ambienti e modalit\u00e0 \u201carchologiche\u201d, insomma il programma \u00e8 nutrito e ce n\u2019\u00e8 per tutti i gusti.<\/span><\/p>\n<p style=\"text-align: justify;\"><span style=\"font-size: 20px; color: #000000;\">Molte iniziative sono gratuite, i biglietti, quando ci sono, ammontano a cifre risibili e possono raggiungere i 10\/12 Euro se ti fermi al <em>Gustaticium,<\/em> ovvero l\u2019antipasto che componeva il banchetto nella Roma antica nel suggestivo scenario della villa romana delle Grotte, nel bel mezzo del golfo di Portoferraio.<\/span><\/p>\n","protected":false},"excerpt":{"rendered":"<p>&nbsp; Le giornate luminose e assolate, l\u2019acqua del mare irresistibile e il caldo insulare, fanno di luglio il mese ideale per lunghi bagni in mare. E la maggior parte dei turisti questo fa tutto il tempo: spiaggia, sole e mare. Faccio fatica a dargli torto, anche perch\u00e9 se volessi metterti in cammino per un\u2019escursione, parti [&hellip;]<\/p>\n","protected":false},"author":2,"featured_media":2339,"comment_status":"open","ping_status":"closed","sticky":false,"template":"","format":"standard","meta":{"_acf_changed":false,"footnotes":""},"categories":[122],"tags":[144],"class_list":["post-2336","post","type-post","status-publish","format-standard","has-post-thumbnail","hentry","category-folklore-e-feste","tag-eventi"],"acf":[],"yoast_head":"<!-- This site is optimized with the Yoast SEO plugin v24.8.1 - https:\/\/yoast.com\/wordpress\/plugins\/seo\/ -->\n<title>Isola d&#039;Elba a Luglio - Goelba.it<\/title>\n<meta name=\"robots\" content=\"index, follow, max-snippet:-1, max-image-preview:large, max-video-preview:-1\" \/>\n<link rel=\"canonical\" href=\"https:\/\/www.goelba.it\/blog\/isola-delba-a-luglio\/\" \/>\n<meta property=\"og:locale\" content=\"it_IT\" \/>\n<meta property=\"og:type\" content=\"article\" \/>\n<meta property=\"og:title\" content=\"Isola d&#039;Elba a Luglio - Goelba.it\" \/>\n<meta property=\"og:description\" content=\"&nbsp; Le giornate luminose e assolate, l\u2019acqua del mare irresistibile e il caldo insulare, fanno di luglio il mese ideale per lunghi bagni in mare. E la maggior parte dei turisti questo fa tutto il tempo: spiaggia, sole e mare. Faccio fatica a dargli torto, anche perch\u00e9 se volessi metterti in cammino per un\u2019escursione, parti [&hellip;]\" \/>\n<meta property=\"og:url\" content=\"https:\/\/www.goelba.it\/blog\/isola-delba-a-luglio\/\" \/>\n<meta property=\"og:site_name\" content=\"Goelba.it\" \/>\n<meta property=\"article:published_time\" content=\"2018-06-12T13:50:18+00:00\" \/>\n<meta property=\"article:modified_time\" content=\"2022-10-07T08:23:10+00:00\" \/>\n<meta property=\"og:image\" content=\"https:\/\/www.goelba.it\/blog\/wp-content\/uploads\/2018\/06\/3.-luglio.jpg\" \/>\n\t<meta property=\"og:image:width\" content=\"1130\" \/>\n\t<meta property=\"og:image:height\" content=\"536\" \/>\n\t<meta property=\"og:image:type\" content=\"image\/jpeg\" \/>\n<meta name=\"author\" content=\"graziano\" \/>\n<meta name=\"twitter:card\" content=\"summary_large_image\" \/>\n<meta name=\"twitter:label1\" content=\"Scritto da\" \/>\n\t<meta name=\"twitter:data1\" content=\"graziano\" \/>\n\t<meta name=\"twitter:label2\" content=\"Tempo di lettura stimato\" \/>\n\t<meta name=\"twitter:data2\" content=\"5 minuti\" \/>\n<script type=\"application\/ld+json\" class=\"yoast-schema-graph\">{\"@context\":\"https:\/\/schema.org\",\"@graph\":[{\"@type\":\"Article\",\"@id\":\"https:\/\/www.goelba.it\/blog\/isola-delba-a-luglio\/#article\",\"isPartOf\":{\"@id\":\"https:\/\/www.goelba.it\/blog\/isola-delba-a-luglio\/\"},\"author\":{\"name\":\"graziano\",\"@id\":\"https:\/\/www.goelba.it\/blog\/#\/schema\/person\/4ee69a9daf381abc598954d0a956525e\"},\"headline\":\"Isola d&#8217;Elba a Luglio\",\"datePublished\":\"2018-06-12T13:50:18+00:00\",\"dateModified\":\"2022-10-07T08:23:10+00:00\",\"mainEntityOfPage\":{\"@id\":\"https:\/\/www.goelba.it\/blog\/isola-delba-a-luglio\/\"},\"wordCount\":1029,\"commentCount\":2,\"publisher\":{\"@id\":\"https:\/\/www.goelba.it\/blog\/#organization\"},\"image\":{\"@id\":\"https:\/\/www.goelba.it\/blog\/isola-delba-a-luglio\/#primaryimage\"},\"thumbnailUrl\":\"https:\/\/www.goelba.it\/blog\/wp-content\/uploads\/2018\/06\/3.-luglio.jpg\",\"keywords\":[\"eventi\"],\"articleSection\":[\"Folklore e feste\"],\"inLanguage\":\"it-IT\",\"potentialAction\":[{\"@type\":\"CommentAction\",\"name\":\"Comment\",\"target\":[\"https:\/\/www.goelba.it\/blog\/isola-delba-a-luglio\/#respond\"]}]},{\"@type\":\"WebPage\",\"@id\":\"https:\/\/www.goelba.it\/blog\/isola-delba-a-luglio\/\",\"url\":\"https:\/\/www.goelba.it\/blog\/isola-delba-a-luglio\/\",\"name\":\"Isola d'Elba a Luglio - Goelba.it\",\"isPartOf\":{\"@id\":\"https:\/\/www.goelba.it\/blog\/#website\"},\"primaryImageOfPage\":{\"@id\":\"https:\/\/www.goelba.it\/blog\/isola-delba-a-luglio\/#primaryimage\"},\"image\":{\"@id\":\"https:\/\/www.goelba.it\/blog\/isola-delba-a-luglio\/#primaryimage\"},\"thumbnailUrl\":\"https:\/\/www.goelba.it\/blog\/wp-content\/uploads\/2018\/06\/3.-luglio.jpg\",\"datePublished\":\"2018-06-12T13:50:18+00:00\",\"dateModified\":\"2022-10-07T08:23:10+00:00\",\"breadcrumb\":{\"@id\":\"https:\/\/www.goelba.it\/blog\/isola-delba-a-luglio\/#breadcrumb\"},\"inLanguage\":\"it-IT\",\"potentialAction\":[{\"@type\":\"ReadAction\",\"target\":[\"https:\/\/www.goelba.it\/blog\/isola-delba-a-luglio\/\"]}]},{\"@type\":\"ImageObject\",\"inLanguage\":\"it-IT\",\"@id\":\"https:\/\/www.goelba.it\/blog\/isola-delba-a-luglio\/#primaryimage\",\"url\":\"https:\/\/www.goelba.it\/blog\/wp-content\/uploads\/2018\/06\/3.-luglio.jpg\",\"contentUrl\":\"https:\/\/www.goelba.it\/blog\/wp-content\/uploads\/2018\/06\/3.-luglio.jpg\",\"width\":1130,\"height\":536,\"caption\":\"eventi isola d'elba a luglio\"},{\"@type\":\"BreadcrumbList\",\"@id\":\"https:\/\/www.goelba.it\/blog\/isola-delba-a-luglio\/#breadcrumb\",\"itemListElement\":[{\"@type\":\"ListItem\",\"position\":1,\"name\":\"Home\",\"item\":\"https:\/\/www.goelba.it\/blog\/\"},{\"@type\":\"ListItem\",\"position\":2,\"name\":\"Isola d&#8217;Elba a Luglio\"}]},{\"@type\":\"WebSite\",\"@id\":\"https:\/\/www.goelba.it\/blog\/#website\",\"url\":\"https:\/\/www.goelba.it\/blog\/\",\"name\":\"Goelba.it\",\"description\":\"Quello che c&#039;\u00e8 da sapere per vacanze all&#039;isola d&#039;Elba\",\"publisher\":{\"@id\":\"https:\/\/www.goelba.it\/blog\/#organization\"},\"potentialAction\":[{\"@type\":\"SearchAction\",\"target\":{\"@type\":\"EntryPoint\",\"urlTemplate\":\"https:\/\/www.goelba.it\/blog\/?s={search_term_string}\"},\"query-input\":{\"@type\":\"PropertyValueSpecification\",\"valueRequired\":true,\"valueName\":\"search_term_string\"}}],\"inLanguage\":\"it-IT\"},{\"@type\":\"Organization\",\"@id\":\"https:\/\/www.goelba.it\/blog\/#organization\",\"name\":\"GoElba\",\"url\":\"https:\/\/www.goelba.it\/blog\/\",\"logo\":{\"@type\":\"ImageObject\",\"inLanguage\":\"it-IT\",\"@id\":\"https:\/\/www.goelba.it\/blog\/#\/schema\/logo\/image\/\",\"url\":\"https:\/\/www.goelba.it\/blog\/wp-content\/uploads\/2019\/07\/logo.png\",\"contentUrl\":\"https:\/\/www.goelba.it\/blog\/wp-content\/uploads\/2019\/07\/logo.png\",\"width\":394,\"height\":150,\"caption\":\"GoElba\"},\"image\":{\"@id\":\"https:\/\/www.goelba.it\/blog\/#\/schema\/logo\/image\/\"}},{\"@type\":\"Person\",\"@id\":\"https:\/\/www.goelba.it\/blog\/#\/schema\/person\/4ee69a9daf381abc598954d0a956525e\",\"name\":\"graziano\",\"image\":{\"@type\":\"ImageObject\",\"inLanguage\":\"it-IT\",\"@id\":\"https:\/\/www.goelba.it\/blog\/#\/schema\/person\/image\/\",\"url\":\"https:\/\/secure.gravatar.com\/avatar\/646d203c28646d9cf81a5fda4440f81482a721c03872e0625d30059642c639e3?s=96&d=mm&r=g\",\"contentUrl\":\"https:\/\/secure.gravatar.com\/avatar\/646d203c28646d9cf81a5fda4440f81482a721c03872e0625d30059642c639e3?s=96&d=mm&r=g\",\"caption\":\"graziano\"}}]}<\/script>\n<!-- \/ Yoast SEO plugin. -->","yoast_head_json":{"title":"Isola d'Elba a Luglio - Goelba.it","robots":{"index":"index","follow":"follow","max-snippet":"max-snippet:-1","max-image-preview":"max-image-preview:large","max-video-preview":"max-video-preview:-1"},"canonical":"https:\/\/www.goelba.it\/blog\/isola-delba-a-luglio\/","og_locale":"it_IT","og_type":"article","og_title":"Isola d'Elba a Luglio - Goelba.it","og_description":"&nbsp; Le giornate luminose e assolate, l\u2019acqua del mare irresistibile e il caldo insulare, fanno di luglio il mese ideale per lunghi bagni in mare. E la maggior parte dei turisti questo fa tutto il tempo: spiaggia, sole e mare. Faccio fatica a dargli torto, anche perch\u00e9 se volessi metterti in cammino per un\u2019escursione, parti [&hellip;]","og_url":"https:\/\/www.goelba.it\/blog\/isola-delba-a-luglio\/","og_site_name":"Goelba.it","article_published_time":"2018-06-12T13:50:18+00:00","article_modified_time":"2022-10-07T08:23:10+00:00","og_image":[{"width":1130,"height":536,"url":"https:\/\/www.goelba.it\/blog\/wp-content\/uploads\/2018\/06\/3.-luglio.jpg","type":"image\/jpeg"}],"author":"graziano","twitter_card":"summary_large_image","twitter_misc":{"Scritto da":"graziano","Tempo di lettura stimato":"5 minuti"},"schema":{"@context":"https:\/\/schema.org","@graph":[{"@type":"Article","@id":"https:\/\/www.goelba.it\/blog\/isola-delba-a-luglio\/#article","isPartOf":{"@id":"https:\/\/www.goelba.it\/blog\/isola-delba-a-luglio\/"},"author":{"name":"graziano","@id":"https:\/\/www.goelba.it\/blog\/#\/schema\/person\/4ee69a9daf381abc598954d0a956525e"},"headline":"Isola d&#8217;Elba a Luglio","datePublished":"2018-06-12T13:50:18+00:00","dateModified":"2022-10-07T08:23:10+00:00","mainEntityOfPage":{"@id":"https:\/\/www.goelba.it\/blog\/isola-delba-a-luglio\/"},"wordCount":1029,"commentCount":2,"publisher":{"@id":"https:\/\/www.goelba.it\/blog\/#organization"},"image":{"@id":"https:\/\/www.goelba.it\/blog\/isola-delba-a-luglio\/#primaryimage"},"thumbnailUrl":"https:\/\/www.goelba.it\/blog\/wp-content\/uploads\/2018\/06\/3.-luglio.jpg","keywords":["eventi"],"articleSection":["Folklore e feste"],"inLanguage":"it-IT","potentialAction":[{"@type":"CommentAction","name":"Comment","target":["https:\/\/www.goelba.it\/blog\/isola-delba-a-luglio\/#respond"]}]},{"@type":"WebPage","@id":"https:\/\/www.goelba.it\/blog\/isola-delba-a-luglio\/","url":"https:\/\/www.goelba.it\/blog\/isola-delba-a-luglio\/","name":"Isola d'Elba a Luglio - Goelba.it","isPartOf":{"@id":"https:\/\/www.goelba.it\/blog\/#website"},"primaryImageOfPage":{"@id":"https:\/\/www.goelba.it\/blog\/isola-delba-a-luglio\/#primaryimage"},"image":{"@id":"https:\/\/www.goelba.it\/blog\/isola-delba-a-luglio\/#primaryimage"},"thumbnailUrl":"https:\/\/www.goelba.it\/blog\/wp-content\/uploads\/2018\/06\/3.-luglio.jpg","datePublished":"2018-06-12T13:50:18+00:00","dateModified":"2022-10-07T08:23:10+00:00","breadcrumb":{"@id":"https:\/\/www.goelba.it\/blog\/isola-delba-a-luglio\/#breadcrumb"},"inLanguage":"it-IT","potentialAction":[{"@type":"ReadAction","target":["https:\/\/www.goelba.it\/blog\/isola-delba-a-luglio\/"]}]},{"@type":"ImageObject","inLanguage":"it-IT","@id":"https:\/\/www.goelba.it\/blog\/isola-delba-a-luglio\/#primaryimage","url":"https:\/\/www.goelba.it\/blog\/wp-content\/uploads\/2018\/06\/3.-luglio.jpg","contentUrl":"https:\/\/www.goelba.it\/blog\/wp-content\/uploads\/2018\/06\/3.-luglio.jpg","width":1130,"height":536,"caption":"eventi isola d'elba a luglio"},{"@type":"BreadcrumbList","@id":"https:\/\/www.goelba.it\/blog\/isola-delba-a-luglio\/#breadcrumb","itemListElement":[{"@type":"ListItem","position":1,"name":"Home","item":"https:\/\/www.goelba.it\/blog\/"},{"@type":"ListItem","position":2,"name":"Isola d&#8217;Elba a Luglio"}]},{"@type":"WebSite","@id":"https:\/\/www.goelba.it\/blog\/#website","url":"https:\/\/www.goelba.it\/blog\/","name":"Goelba.it","description":"Quello che c&#039;\u00e8 da sapere per vacanze all&#039;isola d&#039;Elba","publisher":{"@id":"https:\/\/www.goelba.it\/blog\/#organization"},"potentialAction":[{"@type":"SearchAction","target":{"@type":"EntryPoint","urlTemplate":"https:\/\/www.goelba.it\/blog\/?s={search_term_string}"},"query-input":{"@type":"PropertyValueSpecification","valueRequired":true,"valueName":"search_term_string"}}],"inLanguage":"it-IT"},{"@type":"Organization","@id":"https:\/\/www.goelba.it\/blog\/#organization","name":"GoElba","url":"https:\/\/www.goelba.it\/blog\/","logo":{"@type":"ImageObject","inLanguage":"it-IT","@id":"https:\/\/www.goelba.it\/blog\/#\/schema\/logo\/image\/","url":"https:\/\/www.goelba.it\/blog\/wp-content\/uploads\/2019\/07\/logo.png","contentUrl":"https:\/\/www.goelba.it\/blog\/wp-content\/uploads\/2019\/07\/logo.png","width":394,"height":150,"caption":"GoElba"},"image":{"@id":"https:\/\/www.goelba.it\/blog\/#\/schema\/logo\/image\/"}},{"@type":"Person","@id":"https:\/\/www.goelba.it\/blog\/#\/schema\/person\/4ee69a9daf381abc598954d0a956525e","name":"graziano","image":{"@type":"ImageObject","inLanguage":"it-IT","@id":"https:\/\/www.goelba.it\/blog\/#\/schema\/person\/image\/","url":"https:\/\/secure.gravatar.com\/avatar\/646d203c28646d9cf81a5fda4440f81482a721c03872e0625d30059642c639e3?s=96&d=mm&r=g","contentUrl":"https:\/\/secure.gravatar.com\/avatar\/646d203c28646d9cf81a5fda4440f81482a721c03872e0625d30059642c639e3?s=96&d=mm&r=g","caption":"graziano"}}]}},"_links":{"self":[{"href":"https:\/\/www.goelba.it\/blog\/wp-json\/wp\/v2\/posts\/2336","targetHints":{"allow":["GET"]}}],"collection":[{"href":"https:\/\/www.goelba.it\/blog\/wp-json\/wp\/v2\/posts"}],"about":[{"href":"https:\/\/www.goelba.it\/blog\/wp-json\/wp\/v2\/types\/post"}],"author":[{"embeddable":true,"href":"https:\/\/www.goelba.it\/blog\/wp-json\/wp\/v2\/users\/2"}],"replies":[{"embeddable":true,"href":"https:\/\/www.goelba.it\/blog\/wp-json\/wp\/v2\/comments?post=2336"}],"version-history":[{"count":0,"href":"https:\/\/www.goelba.it\/blog\/wp-json\/wp\/v2\/posts\/2336\/revisions"}],"wp:featuredmedia":[{"embeddable":true,"href":"https:\/\/www.goelba.it\/blog\/wp-json\/wp\/v2\/media\/2339"}],"wp:attachment":[{"href":"https:\/\/www.goelba.it\/blog\/wp-json\/wp\/v2\/media?parent=2336"}],"wp:term":[{"taxonomy":"category","embeddable":true,"href":"https:\/\/www.goelba.it\/blog\/wp-json\/wp\/v2\/categories?post=2336"},{"taxonomy":"post_tag","embeddable":true,"href":"https:\/\/www.goelba.it\/blog\/wp-json\/wp\/v2\/tags?post=2336"}],"curies":[{"name":"wp","href":"https:\/\/api.w.org\/{rel}","templated":true}]}}