{"id":2325,"date":"2018-06-06T11:24:49","date_gmt":"2018-06-06T09:24:49","guid":{"rendered":"https:\/\/www.goelba.it\/blog\/?p=2325"},"modified":"2022-10-07T10:23:11","modified_gmt":"2022-10-07T08:23:11","slug":"isola-delba-a-giugno","status":"publish","type":"post","link":"https:\/\/www.goelba.it\/blog\/isola-delba-a-giugno\/","title":{"rendered":"Isola d&#8217;Elba a Giugno"},"content":{"rendered":"<p><img loading=\"lazy\" decoding=\"async\" class=\"size-full wp-image-2328\" src=\"https:\/\/www.goelba.it\/blog\/wp-content\/uploads\/2018\/06\/giugno-elba.jpg\" alt=\"\" width=\"1130\" height=\"536\" srcset=\"https:\/\/www.goelba.it\/blog\/wp-content\/uploads\/2018\/06\/giugno-elba.jpg 1130w, https:\/\/www.goelba.it\/blog\/wp-content\/uploads\/2018\/06\/giugno-elba-350x166.jpg 350w, https:\/\/www.goelba.it\/blog\/wp-content\/uploads\/2018\/06\/giugno-elba-768x364.jpg 768w\" sizes=\"auto, (max-width: 1130px) 100vw, 1130px\" \/><\/p>\n<p style=\"text-align: justify;\"><span style=\"font-size: 20px;\">I<span style=\"color: #000000;\">n giugno all\u2019isola d\u2019Elba, il passaggio dalla primavera all\u2019estate pu\u00f2 essere repentino.<\/span><br \/>\n<\/span><span style=\"color: #000000;\"><span style=\"font-size: 20px;\">Inizia in questo mese il caldo estivo e la <strong>vera e propria stagione balneare<\/strong>, anche se qualche breve e benevola pioggia pu\u00f2 ancora rinfrescare le calde serate d\u2019inizio estate.<br \/>\n<\/span><span style=\"font-size: 20px;\">I primi venti giorni di giugno, potrebbero essere quelli della <strong>\u201cvacanza perfetta all\u2019isola d\u2019Elba\u201d<\/strong>.<br \/>\n<\/span><span style=\"font-size: 20px;\">La coincidenza di due circostanze molto favorevoli, mi spinge spesso a consigliare giugno per chi voglia fare una vacanza all\u2019isola d\u2019Elba, precisamente:<\/span><\/span><br \/>\n<span style=\"color: #000000;\"><span style=\"font-size: 20px;\"> 1. <strong>Clima<\/strong> solitamente caldo, ma non afoso, comunque ottimo per lunghi bagni in mare e ancora sopportabile durante le escursioni, si dorme benissimo anche senza aria condizionata.<br \/>\n<\/span><span style=\"font-size: 20px;\">2. <strong>Prezzi<\/strong> decisamente convenienti per affittare appartamenti, ville e altre sistemazioni; spiagge e locali pubblici non ancora affollati e con personale \u201cfresco\u201d.<\/span><\/span><\/p>\n<p style=\"text-align: justify;\"><span style=\"font-size: 20px; color: #000000;\">A mio avviso queste due condizioni mi parrebbero sufficienti per scegliere giugno come periodo ideale di vacanza all\u2019isola d\u2019Elba, ma se non bastasse, durante il mese di giugno, sull\u2019isola potrai partecipare a diversi eventi, tra i quali ti segnalo quelli che ormai sono appuntamenti consolidati.<\/span><\/p>\n<p><em style=\"color: #000000; font-size: 20px;\">Graziano Rinaldi<br \/>\n<\/em><span style=\"font-size: 20px;\">Per prenotare <em><span style=\"text-decoration: underline;\"><span style=\"color: #0000ff;\"><a href=\"https:\/\/www.goelba.it\/appartamenti\/\">appartamenti<\/a><\/span><\/span><\/em> e <span style=\"text-decoration: underline;\"><em><span style=\"color: #0000ff;\"><a href=\"https:\/\/www.goelba.it\/ville\/\">ville<\/a><\/span><\/em><\/span> all&#8217;isola d&#8217;Elba visita il sito\u00a0<span style=\"text-decoration: underline; color: #0000ff;\"><em><a href=\"https:\/\/www.goelba.it\/\">https:\/\/www.goelba.it\/<\/a><\/em><\/span><\/span><\/p>\n<p>&nbsp;<\/p>\n<p>&nbsp;<\/p>\n<p style=\"text-align: center;\"><span style=\"font-size: 36px; color: #000000;\"><strong>Festa del Cavatore<\/strong><\/span><\/p>\n<p>&nbsp;<\/p>\n<p><img loading=\"lazy\" decoding=\"async\" class=\"size-full wp-image-2329\" src=\"https:\/\/www.goelba.it\/blog\/wp-content\/uploads\/2018\/06\/minatori.jpg\" alt=\"\" width=\"1130\" height=\"536\" srcset=\"https:\/\/www.goelba.it\/blog\/wp-content\/uploads\/2018\/06\/minatori.jpg 1130w, https:\/\/www.goelba.it\/blog\/wp-content\/uploads\/2018\/06\/minatori-350x166.jpg 350w, https:\/\/www.goelba.it\/blog\/wp-content\/uploads\/2018\/06\/minatori-768x364.jpg 768w\" sizes=\"auto, (max-width: 1130px) 100vw, 1130px\" \/><\/p>\n<p style=\"text-align: left;\"><span style=\"color: #000000;\"><span style=\"font-size: 20px;\"> Dove: <strong>Capoliveri<\/strong><br \/>\n<\/span><span style=\"font-size: 20px;\">Quando: La domenica precedente la Pentecoste (che cade nel cinquantesimo giorno dopo Pasqua), pertanto in certi anni potrebbe essere anche in maggio.<br \/>\n<\/span><span style=\"font-size: 20px;\">Organizzatore: Pro loco Capoliveri Tel. 0565935492<\/span><\/span><\/p>\n<p style=\"text-align: justify;\"><span style=\"font-size: 20px; color: #000000;\">Si tratta della rievocazione delle condizioni di vita prima dell\u2019avvento dell\u2019industria turistica, quando la principale attivit\u00e0 degli uomini di Capoliveri era quella mineraria.<\/span><\/p>\n<p style=\"text-align: justify;\"><span style=\"font-size: 20px; color: #000000;\">Una vita durissima. Soltanto per recarsi sul posto di lavoro, ad orari antelucani, i minatori dovevano percorrere a piedi sentieri impervi, i pi\u00f9 fortunati cavalcando un asino. Il lavoro era defaticante e poco remunerativo, tanto che molti si organizzavano con un orto di sopravvivenza o con una misera barchetta per una pesca non professionale, in tutti i casi si usava raccogliere erbe durante il ritorno per la minestra della sera.<\/span><\/p>\n<p style=\"text-align: justify;\"><span style=\"font-size: 20px; color: #000000;\">Col turismo le cose sono cambiate molto, forse anche troppo frettolosamente. La memoria ancora fresca di un passato di tribolazione e sfruttamento, viene rievocata nei tre giorni di festa, durante i quali si pu\u00f2 partecipare con modica cifra ad una tipica cena a base del \u201cconvio\u201d, ovvero del frugale pasto che i minatori si portavano appresso, assistere ad un concerto nella piazza di Capoliveri, seguire alcuni figuranti che indossando vecchi abiti, intonano la \u201cRomanza del Cavatore\u201d per le belle vie del paese, visitare con una guida e a prezzo speciale le vecchie miniere del Monte Calamita.<\/span><\/p>\n<p style=\"text-align: justify;\"><span style=\"font-size: 20px; color: #000000;\">Se desideri proprio immergerti completamente nella rievocazione, puoi anche assistere alla premiazione e al ringraziamento ai vecchi minatori ancora in vita, alla messa e alla deposizione della corona ai caduti sul lavoro in \u2026 piazza del Minatore a Capoliveri.<\/span><\/p>\n<p>&nbsp;<\/p>\n<p style=\"text-align: center;\"><span style=\"font-size: 20px; color: #000000;\"><span style=\"font-size: 36px;\"><strong><span style=\"color: #000000;\">Tagliagambe<\/span><\/strong><\/span><\/span><\/p>\n<p><img loading=\"lazy\" decoding=\"async\" class=\"size-full wp-image-2326\" src=\"https:\/\/www.goelba.it\/blog\/wp-content\/uploads\/2018\/06\/tagliagambe.jpg\" alt=\"marciana marina tagliagambe\" width=\"1130\" height=\"536\" srcset=\"https:\/\/www.goelba.it\/blog\/wp-content\/uploads\/2018\/06\/tagliagambe.jpg 1130w, https:\/\/www.goelba.it\/blog\/wp-content\/uploads\/2018\/06\/tagliagambe-350x166.jpg 350w, https:\/\/www.goelba.it\/blog\/wp-content\/uploads\/2018\/06\/tagliagambe-768x364.jpg 768w\" sizes=\"auto, (max-width: 1130px) 100vw, 1130px\" \/><\/p>\n<p><span style=\"font-size: 20px; color: #000000;\">Dove: <strong>Marciana Marina<\/strong><\/span><\/p>\n<p><span style=\"font-size: 20px; color: #000000;\">Quando: Seconda domenica di Giugno<\/span><\/p>\n<p><span style=\"font-size: 20px; color: #000000;\">Organizzatore: La Tagliagambe Tel. 340.4057999 &#8211; 349.6726261 \u00a0<a href=\"mailto:info@tagliagambe.net\">info@tagliagambe.net<\/a><\/span><\/p>\n<p style=\"text-align: justify;\"><span style=\"font-size: 20px; color: #000000;\">Tanto per capirsi da dove viene il nome: nove chilometri di salita con pendenze fino al 14%, in bicicletta o a piedi, partenza da Marciana Marina livello del mare, arrivo a Monte Perone, 600 metri s.l.m.<\/span><\/p>\n<p style=\"text-align: justify;\"><span style=\"font-size: 20px; color: #000000;\">Nata da una promessa tra amici al bar, \u00e8 diventata da quindici anni una manifestazione sportiva tra le pi\u00f9 conosciute dell\u2019isola d\u2019Elba, frequentata anche da ospiti stranieri con la passione per il podismo e il ciclismo.<\/span><\/p>\n<p style=\"text-align: justify;\"><span style=\"font-size: 20px; color: #000000;\">A vedere i tempi record (meno di mezz\u2019ora in bicicletta!), a meno che tu non sia un iron man (o women), \u00e8 assai scoraggiante, ma qui non si corre per il traguardo fisico, piuttosto per una sfida con s\u00e9 stessi, dove arrivare a fine corsa \u00e8 gi\u00e0 una vittoria da archiviare nel proprio amor proprio.<\/span><\/p>\n<p>&nbsp;<\/p>\n<p>&nbsp;<\/p>\n<p style=\"text-align: center;\"><span style=\"color: #000000;\"><strong><span style=\"font-size: 36px;\">Quando il semplice e il bello coincidono con l&#8217;utile<\/span><\/strong><\/span><\/p>\n<p><span style=\"font-size: 20px; color: #000000;\">Dove: <strong>Lacona &#8211; Capoliveri\u00a0<\/strong><\/span><\/p>\n<p><span style=\"font-size: 20px; color: #000000;\">Quando: Sabato 23 giugno<\/span><\/p>\n<p><span style=\"font-size: 20px; color: #000000;\">Organizzatore: Orti di Mare Tel.\u00a0<a class=\"fl r-iGzfT4kmJhB8\" title=\"Chiama tramite Hangouts\" href=\"https:\/\/www.google.com\/search?q=orti+di+mare+lacona&amp;oq=orti+di+mare+lacona&amp;aqs=chrome..69i57j0l5.4135j1j7&amp;sourceid=chrome&amp;ie=UTF-8#\" data-number=\"+393315867805\" data-pstn-out-call-url=\"\" data-rtid=\"iGzfT4kmJhB8\" data-ved=\"0ahUKEwjExOevyuLbAhVDXiwKHbJEC9EQkAgIvgEoADAV\">331 586 7805<\/a><\/span><\/p>\n<p style=\"text-align: justify;\"><span style=\"font-size: 20px; color: #000000;\">Abbiamo letto un po\u2019 tutti qualcosina sul microbiota: due chilogrammi di batteri, virus e funghi che abitano il nostro intestino, bocca, pelle e altro.<br \/>\nOggi per\u00f2 la situazione \u00e8 completamente diversa da 20 anni fa, quando la chiamavamo &#8220;flora intestinale&#8221;, oggi ne sappiamo molto di pi\u00f9.<br \/>\nUn tema importante per la salute, uno dei pi\u00f9 importanti se teniamo conto che \u00e8 un livello su cui possiamo fare qualcosa direttamente, attraverso la nutrizione e l\u2019integrazione nutrizionale. Un tema non accademico ma praticabile e utile.<br \/>\nNegli ultimi anni sono state fatte migliaia di ricerche che hanno\u00a0\u00a0documentato la relazione fra malattie e microbiota, fra salute e microbiota.<br \/>\nIl microbiota \u00e8 implicato nell\u2019obesit\u00e0, nel diabete di tipo II, nelle malattie del sistema cardiovascolare, in alcune che riguardano il sistema nervoso centrale e in diverse altre.<br \/>\nNel nostro corpo ci sono pi\u00f9 microrganismi che cellule, pi\u00f9 DNA da microbiota che DNA cellulare e <strong>il 20% delle piccole molecole presenti nel nostro sangue sono prodotte dal microbiota.<\/strong> <\/span><\/p>\n<p style=\"text-align: justify;\"><span style=\"font-size: 20px; color: #000000;\">Attraverso la nutrizione possiamo influenzare il nostro microbiota e la nostra salute.<br \/>\nSe ne parla sabato 23 giugno a Orti di Mare, una trattazione semplice ma basata sulla letteratura scientifica pi\u00f9 rigorosa.<br \/>\nIl \u201cMicrobiota spiegato semplicemente\u201d, sabato prossimo 23 giugno, a Orti di Mare, a Lacona in una cornice che ti stupir\u00e0.<\/span><\/p>\n<p><img loading=\"lazy\" decoding=\"async\" class=\"size-full wp-image-2356 aligncenter\" src=\"https:\/\/www.goelba.it\/blog\/wp-content\/uploads\/2018\/06\/ok-blog.jpg\" alt=\"lacona isola d'elba\" width=\"1157\" height=\"1637\" srcset=\"https:\/\/www.goelba.it\/blog\/wp-content\/uploads\/2018\/06\/ok-blog.jpg 1157w, https:\/\/www.goelba.it\/blog\/wp-content\/uploads\/2018\/06\/ok-blog-212x300.jpg 212w, https:\/\/www.goelba.it\/blog\/wp-content\/uploads\/2018\/06\/ok-blog-724x1024.jpg 724w, https:\/\/www.goelba.it\/blog\/wp-content\/uploads\/2018\/06\/ok-blog-768x1087.jpg 768w, https:\/\/www.goelba.it\/blog\/wp-content\/uploads\/2018\/06\/ok-blog-1086x1536.jpg 1086w\" sizes=\"auto, (max-width: 1157px) 100vw, 1157px\" \/><\/p>\n<p>&nbsp;<\/p>\n","protected":false},"excerpt":{"rendered":"<p>In giugno all\u2019isola d\u2019Elba, il passaggio dalla primavera all\u2019estate pu\u00f2 essere repentino. Inizia in questo mese il caldo estivo e la vera e propria stagione balneare, anche se qualche breve e benevola pioggia pu\u00f2 ancora rinfrescare le calde serate d\u2019inizio estate. I primi venti giorni di giugno, potrebbero essere quelli della \u201cvacanza perfetta all\u2019isola d\u2019Elba\u201d. [&hellip;]<\/p>\n","protected":false},"author":2,"featured_media":2328,"comment_status":"open","ping_status":"closed","sticky":false,"template":"","format":"standard","meta":{"_acf_changed":false,"footnotes":""},"categories":[122,2],"tags":[143],"class_list":["post-2325","post","type-post","status-publish","format-standard","has-post-thumbnail","hentry","category-folklore-e-feste","category-informazioni-utili-per-le-tue-vacanze-allisola-delba","tag-isoladelba-giugno"],"acf":[],"yoast_head":"<!-- This site is optimized with the Yoast SEO plugin v24.8.1 - https:\/\/yoast.com\/wordpress\/plugins\/seo\/ -->\n<title>Isola d&#039;Elba a Giugno - Goelba.it<\/title>\n<meta name=\"robots\" content=\"index, follow, max-snippet:-1, max-image-preview:large, max-video-preview:-1\" \/>\n<link rel=\"canonical\" href=\"https:\/\/www.goelba.it\/blog\/isola-delba-a-giugno\/\" \/>\n<meta property=\"og:locale\" content=\"it_IT\" \/>\n<meta property=\"og:type\" content=\"article\" \/>\n<meta property=\"og:title\" content=\"Isola d&#039;Elba a Giugno - Goelba.it\" \/>\n<meta property=\"og:description\" content=\"In giugno all\u2019isola d\u2019Elba, il passaggio dalla primavera all\u2019estate pu\u00f2 essere repentino. Inizia in questo mese il caldo estivo e la vera e propria stagione balneare, anche se qualche breve e benevola pioggia pu\u00f2 ancora rinfrescare le calde serate d\u2019inizio estate. I primi venti giorni di giugno, potrebbero essere quelli della \u201cvacanza perfetta all\u2019isola d\u2019Elba\u201d. [&hellip;]\" \/>\n<meta property=\"og:url\" content=\"https:\/\/www.goelba.it\/blog\/isola-delba-a-giugno\/\" \/>\n<meta property=\"og:site_name\" content=\"Goelba.it\" \/>\n<meta property=\"article:published_time\" content=\"2018-06-06T09:24:49+00:00\" \/>\n<meta property=\"article:modified_time\" content=\"2022-10-07T08:23:11+00:00\" \/>\n<meta property=\"og:image\" content=\"https:\/\/www.goelba.it\/blog\/wp-content\/uploads\/2018\/06\/giugno-elba.jpg\" \/>\n\t<meta property=\"og:image:width\" content=\"1130\" \/>\n\t<meta property=\"og:image:height\" content=\"536\" \/>\n\t<meta property=\"og:image:type\" content=\"image\/jpeg\" \/>\n<meta name=\"author\" content=\"graziano\" \/>\n<meta name=\"twitter:card\" content=\"summary_large_image\" \/>\n<meta name=\"twitter:label1\" content=\"Scritto da\" \/>\n\t<meta name=\"twitter:data1\" content=\"graziano\" \/>\n\t<meta name=\"twitter:label2\" content=\"Tempo di lettura stimato\" \/>\n\t<meta name=\"twitter:data2\" content=\"4 minuti\" \/>\n<script type=\"application\/ld+json\" class=\"yoast-schema-graph\">{\"@context\":\"https:\/\/schema.org\",\"@graph\":[{\"@type\":\"Article\",\"@id\":\"https:\/\/www.goelba.it\/blog\/isola-delba-a-giugno\/#article\",\"isPartOf\":{\"@id\":\"https:\/\/www.goelba.it\/blog\/isola-delba-a-giugno\/\"},\"author\":{\"name\":\"graziano\",\"@id\":\"https:\/\/www.goelba.it\/blog\/#\/schema\/person\/4ee69a9daf381abc598954d0a956525e\"},\"headline\":\"Isola d&#8217;Elba a Giugno\",\"datePublished\":\"2018-06-06T09:24:49+00:00\",\"dateModified\":\"2022-10-07T08:23:11+00:00\",\"mainEntityOfPage\":{\"@id\":\"https:\/\/www.goelba.it\/blog\/isola-delba-a-giugno\/\"},\"wordCount\":842,\"commentCount\":0,\"publisher\":{\"@id\":\"https:\/\/www.goelba.it\/blog\/#organization\"},\"image\":{\"@id\":\"https:\/\/www.goelba.it\/blog\/isola-delba-a-giugno\/#primaryimage\"},\"thumbnailUrl\":\"https:\/\/www.goelba.it\/blog\/wp-content\/uploads\/2018\/06\/giugno-elba.jpg\",\"keywords\":[\"isolad'elba giugno\"],\"articleSection\":[\"Folklore e feste\",\"Informazioni\"],\"inLanguage\":\"it-IT\",\"potentialAction\":[{\"@type\":\"CommentAction\",\"name\":\"Comment\",\"target\":[\"https:\/\/www.goelba.it\/blog\/isola-delba-a-giugno\/#respond\"]}]},{\"@type\":\"WebPage\",\"@id\":\"https:\/\/www.goelba.it\/blog\/isola-delba-a-giugno\/\",\"url\":\"https:\/\/www.goelba.it\/blog\/isola-delba-a-giugno\/\",\"name\":\"Isola d'Elba a Giugno - Goelba.it\",\"isPartOf\":{\"@id\":\"https:\/\/www.goelba.it\/blog\/#website\"},\"primaryImageOfPage\":{\"@id\":\"https:\/\/www.goelba.it\/blog\/isola-delba-a-giugno\/#primaryimage\"},\"image\":{\"@id\":\"https:\/\/www.goelba.it\/blog\/isola-delba-a-giugno\/#primaryimage\"},\"thumbnailUrl\":\"https:\/\/www.goelba.it\/blog\/wp-content\/uploads\/2018\/06\/giugno-elba.jpg\",\"datePublished\":\"2018-06-06T09:24:49+00:00\",\"dateModified\":\"2022-10-07T08:23:11+00:00\",\"breadcrumb\":{\"@id\":\"https:\/\/www.goelba.it\/blog\/isola-delba-a-giugno\/#breadcrumb\"},\"inLanguage\":\"it-IT\",\"potentialAction\":[{\"@type\":\"ReadAction\",\"target\":[\"https:\/\/www.goelba.it\/blog\/isola-delba-a-giugno\/\"]}]},{\"@type\":\"ImageObject\",\"inLanguage\":\"it-IT\",\"@id\":\"https:\/\/www.goelba.it\/blog\/isola-delba-a-giugno\/#primaryimage\",\"url\":\"https:\/\/www.goelba.it\/blog\/wp-content\/uploads\/2018\/06\/giugno-elba.jpg\",\"contentUrl\":\"https:\/\/www.goelba.it\/blog\/wp-content\/uploads\/2018\/06\/giugno-elba.jpg\",\"width\":1130,\"height\":536,\"caption\":\"Capoliveri festa folklore\"},{\"@type\":\"BreadcrumbList\",\"@id\":\"https:\/\/www.goelba.it\/blog\/isola-delba-a-giugno\/#breadcrumb\",\"itemListElement\":[{\"@type\":\"ListItem\",\"position\":1,\"name\":\"Home\",\"item\":\"https:\/\/www.goelba.it\/blog\/\"},{\"@type\":\"ListItem\",\"position\":2,\"name\":\"Isola d&#8217;Elba a Giugno\"}]},{\"@type\":\"WebSite\",\"@id\":\"https:\/\/www.goelba.it\/blog\/#website\",\"url\":\"https:\/\/www.goelba.it\/blog\/\",\"name\":\"Goelba.it\",\"description\":\"Quello che c&#039;\u00e8 da sapere per vacanze all&#039;isola d&#039;Elba\",\"publisher\":{\"@id\":\"https:\/\/www.goelba.it\/blog\/#organization\"},\"potentialAction\":[{\"@type\":\"SearchAction\",\"target\":{\"@type\":\"EntryPoint\",\"urlTemplate\":\"https:\/\/www.goelba.it\/blog\/?s={search_term_string}\"},\"query-input\":{\"@type\":\"PropertyValueSpecification\",\"valueRequired\":true,\"valueName\":\"search_term_string\"}}],\"inLanguage\":\"it-IT\"},{\"@type\":\"Organization\",\"@id\":\"https:\/\/www.goelba.it\/blog\/#organization\",\"name\":\"GoElba\",\"url\":\"https:\/\/www.goelba.it\/blog\/\",\"logo\":{\"@type\":\"ImageObject\",\"inLanguage\":\"it-IT\",\"@id\":\"https:\/\/www.goelba.it\/blog\/#\/schema\/logo\/image\/\",\"url\":\"https:\/\/www.goelba.it\/blog\/wp-content\/uploads\/2019\/07\/logo.png\",\"contentUrl\":\"https:\/\/www.goelba.it\/blog\/wp-content\/uploads\/2019\/07\/logo.png\",\"width\":394,\"height\":150,\"caption\":\"GoElba\"},\"image\":{\"@id\":\"https:\/\/www.goelba.it\/blog\/#\/schema\/logo\/image\/\"}},{\"@type\":\"Person\",\"@id\":\"https:\/\/www.goelba.it\/blog\/#\/schema\/person\/4ee69a9daf381abc598954d0a956525e\",\"name\":\"graziano\",\"image\":{\"@type\":\"ImageObject\",\"inLanguage\":\"it-IT\",\"@id\":\"https:\/\/www.goelba.it\/blog\/#\/schema\/person\/image\/\",\"url\":\"https:\/\/secure.gravatar.com\/avatar\/646d203c28646d9cf81a5fda4440f81482a721c03872e0625d30059642c639e3?s=96&d=mm&r=g\",\"contentUrl\":\"https:\/\/secure.gravatar.com\/avatar\/646d203c28646d9cf81a5fda4440f81482a721c03872e0625d30059642c639e3?s=96&d=mm&r=g\",\"caption\":\"graziano\"}}]}<\/script>\n<!-- \/ Yoast SEO plugin. -->","yoast_head_json":{"title":"Isola d'Elba a Giugno - Goelba.it","robots":{"index":"index","follow":"follow","max-snippet":"max-snippet:-1","max-image-preview":"max-image-preview:large","max-video-preview":"max-video-preview:-1"},"canonical":"https:\/\/www.goelba.it\/blog\/isola-delba-a-giugno\/","og_locale":"it_IT","og_type":"article","og_title":"Isola d'Elba a Giugno - Goelba.it","og_description":"In giugno all\u2019isola d\u2019Elba, il passaggio dalla primavera all\u2019estate pu\u00f2 essere repentino. Inizia in questo mese il caldo estivo e la vera e propria stagione balneare, anche se qualche breve e benevola pioggia pu\u00f2 ancora rinfrescare le calde serate d\u2019inizio estate. I primi venti giorni di giugno, potrebbero essere quelli della \u201cvacanza perfetta all\u2019isola d\u2019Elba\u201d. [&hellip;]","og_url":"https:\/\/www.goelba.it\/blog\/isola-delba-a-giugno\/","og_site_name":"Goelba.it","article_published_time":"2018-06-06T09:24:49+00:00","article_modified_time":"2022-10-07T08:23:11+00:00","og_image":[{"width":1130,"height":536,"url":"https:\/\/www.goelba.it\/blog\/wp-content\/uploads\/2018\/06\/giugno-elba.jpg","type":"image\/jpeg"}],"author":"graziano","twitter_card":"summary_large_image","twitter_misc":{"Scritto da":"graziano","Tempo di lettura stimato":"4 minuti"},"schema":{"@context":"https:\/\/schema.org","@graph":[{"@type":"Article","@id":"https:\/\/www.goelba.it\/blog\/isola-delba-a-giugno\/#article","isPartOf":{"@id":"https:\/\/www.goelba.it\/blog\/isola-delba-a-giugno\/"},"author":{"name":"graziano","@id":"https:\/\/www.goelba.it\/blog\/#\/schema\/person\/4ee69a9daf381abc598954d0a956525e"},"headline":"Isola d&#8217;Elba a Giugno","datePublished":"2018-06-06T09:24:49+00:00","dateModified":"2022-10-07T08:23:11+00:00","mainEntityOfPage":{"@id":"https:\/\/www.goelba.it\/blog\/isola-delba-a-giugno\/"},"wordCount":842,"commentCount":0,"publisher":{"@id":"https:\/\/www.goelba.it\/blog\/#organization"},"image":{"@id":"https:\/\/www.goelba.it\/blog\/isola-delba-a-giugno\/#primaryimage"},"thumbnailUrl":"https:\/\/www.goelba.it\/blog\/wp-content\/uploads\/2018\/06\/giugno-elba.jpg","keywords":["isolad'elba giugno"],"articleSection":["Folklore e feste","Informazioni"],"inLanguage":"it-IT","potentialAction":[{"@type":"CommentAction","name":"Comment","target":["https:\/\/www.goelba.it\/blog\/isola-delba-a-giugno\/#respond"]}]},{"@type":"WebPage","@id":"https:\/\/www.goelba.it\/blog\/isola-delba-a-giugno\/","url":"https:\/\/www.goelba.it\/blog\/isola-delba-a-giugno\/","name":"Isola d'Elba a Giugno - Goelba.it","isPartOf":{"@id":"https:\/\/www.goelba.it\/blog\/#website"},"primaryImageOfPage":{"@id":"https:\/\/www.goelba.it\/blog\/isola-delba-a-giugno\/#primaryimage"},"image":{"@id":"https:\/\/www.goelba.it\/blog\/isola-delba-a-giugno\/#primaryimage"},"thumbnailUrl":"https:\/\/www.goelba.it\/blog\/wp-content\/uploads\/2018\/06\/giugno-elba.jpg","datePublished":"2018-06-06T09:24:49+00:00","dateModified":"2022-10-07T08:23:11+00:00","breadcrumb":{"@id":"https:\/\/www.goelba.it\/blog\/isola-delba-a-giugno\/#breadcrumb"},"inLanguage":"it-IT","potentialAction":[{"@type":"ReadAction","target":["https:\/\/www.goelba.it\/blog\/isola-delba-a-giugno\/"]}]},{"@type":"ImageObject","inLanguage":"it-IT","@id":"https:\/\/www.goelba.it\/blog\/isola-delba-a-giugno\/#primaryimage","url":"https:\/\/www.goelba.it\/blog\/wp-content\/uploads\/2018\/06\/giugno-elba.jpg","contentUrl":"https:\/\/www.goelba.it\/blog\/wp-content\/uploads\/2018\/06\/giugno-elba.jpg","width":1130,"height":536,"caption":"Capoliveri festa folklore"},{"@type":"BreadcrumbList","@id":"https:\/\/www.goelba.it\/blog\/isola-delba-a-giugno\/#breadcrumb","itemListElement":[{"@type":"ListItem","position":1,"name":"Home","item":"https:\/\/www.goelba.it\/blog\/"},{"@type":"ListItem","position":2,"name":"Isola d&#8217;Elba a Giugno"}]},{"@type":"WebSite","@id":"https:\/\/www.goelba.it\/blog\/#website","url":"https:\/\/www.goelba.it\/blog\/","name":"Goelba.it","description":"Quello che c&#039;\u00e8 da sapere per vacanze all&#039;isola d&#039;Elba","publisher":{"@id":"https:\/\/www.goelba.it\/blog\/#organization"},"potentialAction":[{"@type":"SearchAction","target":{"@type":"EntryPoint","urlTemplate":"https:\/\/www.goelba.it\/blog\/?s={search_term_string}"},"query-input":{"@type":"PropertyValueSpecification","valueRequired":true,"valueName":"search_term_string"}}],"inLanguage":"it-IT"},{"@type":"Organization","@id":"https:\/\/www.goelba.it\/blog\/#organization","name":"GoElba","url":"https:\/\/www.goelba.it\/blog\/","logo":{"@type":"ImageObject","inLanguage":"it-IT","@id":"https:\/\/www.goelba.it\/blog\/#\/schema\/logo\/image\/","url":"https:\/\/www.goelba.it\/blog\/wp-content\/uploads\/2019\/07\/logo.png","contentUrl":"https:\/\/www.goelba.it\/blog\/wp-content\/uploads\/2019\/07\/logo.png","width":394,"height":150,"caption":"GoElba"},"image":{"@id":"https:\/\/www.goelba.it\/blog\/#\/schema\/logo\/image\/"}},{"@type":"Person","@id":"https:\/\/www.goelba.it\/blog\/#\/schema\/person\/4ee69a9daf381abc598954d0a956525e","name":"graziano","image":{"@type":"ImageObject","inLanguage":"it-IT","@id":"https:\/\/www.goelba.it\/blog\/#\/schema\/person\/image\/","url":"https:\/\/secure.gravatar.com\/avatar\/646d203c28646d9cf81a5fda4440f81482a721c03872e0625d30059642c639e3?s=96&d=mm&r=g","contentUrl":"https:\/\/secure.gravatar.com\/avatar\/646d203c28646d9cf81a5fda4440f81482a721c03872e0625d30059642c639e3?s=96&d=mm&r=g","caption":"graziano"}}]}},"_links":{"self":[{"href":"https:\/\/www.goelba.it\/blog\/wp-json\/wp\/v2\/posts\/2325","targetHints":{"allow":["GET"]}}],"collection":[{"href":"https:\/\/www.goelba.it\/blog\/wp-json\/wp\/v2\/posts"}],"about":[{"href":"https:\/\/www.goelba.it\/blog\/wp-json\/wp\/v2\/types\/post"}],"author":[{"embeddable":true,"href":"https:\/\/www.goelba.it\/blog\/wp-json\/wp\/v2\/users\/2"}],"replies":[{"embeddable":true,"href":"https:\/\/www.goelba.it\/blog\/wp-json\/wp\/v2\/comments?post=2325"}],"version-history":[{"count":0,"href":"https:\/\/www.goelba.it\/blog\/wp-json\/wp\/v2\/posts\/2325\/revisions"}],"wp:featuredmedia":[{"embeddable":true,"href":"https:\/\/www.goelba.it\/blog\/wp-json\/wp\/v2\/media\/2328"}],"wp:attachment":[{"href":"https:\/\/www.goelba.it\/blog\/wp-json\/wp\/v2\/media?parent=2325"}],"wp:term":[{"taxonomy":"category","embeddable":true,"href":"https:\/\/www.goelba.it\/blog\/wp-json\/wp\/v2\/categories?post=2325"},{"taxonomy":"post_tag","embeddable":true,"href":"https:\/\/www.goelba.it\/blog\/wp-json\/wp\/v2\/tags?post=2325"}],"curies":[{"name":"wp","href":"https:\/\/api.w.org\/{rel}","templated":true}]}}